{"id":906,"date":"2018-08-02T12:24:31","date_gmt":"2018-08-02T10:24:31","guid":{"rendered":"http:\/\/www.karate-aargau.ch\/akv\/?p=906"},"modified":"2018-08-02T12:24:31","modified_gmt":"2018-08-02T10:24:31","slug":"bundesrat-guy-parmelin-empfangt-elena-quirici","status":"publish","type":"post","link":"http:\/\/karate-aargau.ch\/akv\/uncategorized\/bundesrat-guy-parmelin-empfangt-elena-quirici\/","title":{"rendered":"Bundesrat Guy Parmelin empf\u00e4ngt Elena Quirici"},"content":{"rendered":"<p>Der Chef des Eidgen\u00f6ssischen Departement f\u00fcr Verteidigung, Bev\u00f6lkerungsschutz und Sport, Guy Parmelin,<br \/>\nempfing am 18. Juni 2018 Schweizer Athletinnen und Athleten und gratulierte ihnen zu ihren Erfolgen. Darunter auch Elena als Doppel-Europameisterin. <\/p>\n<p>Anwesend waren und 40 Athletinnen und Athleten aus unterschiedlichen Disziplinen: Orientierungsablauf, Bob, Curling, Hallenrad, Leichtathletik, Judo, Unihockey und Karate. Parmelin begr\u00fcsste seine G\u00e4ste im Bernerhof und w\u00fcrdigte die herausragenden Leistungen mit viel Lob und herzlichen Gratulationen. <\/p>\n<p><a href=\"http:\/\/karate-aargau.ch\/wp-content\/uploads\/Bundesrat.jpg\"><img loading=\"lazy\" decoding=\"async\" src=\"http:\/\/karate-aargau.ch\/wp-content\/uploads\/Bundesrat.jpg\" alt=\"Bundesrat\" width=\"910\" height=\"607\" class=\"aligncenter size-full wp-image-909\" srcset=\"http:\/\/karate-aargau.ch\/wp-content\/uploads\/Bundesrat.jpg 910w, http:\/\/karate-aargau.ch\/wp-content\/uploads\/Bundesrat-300x200.jpg 300w\" sizes=\"auto, (max-width: 910px) 100vw, 910px\" \/><\/a><\/p>\n","protected":false},"excerpt":{"rendered":"<p>Der Chef des Eidgen\u00f6ssischen Departement f\u00fcr Verteidigung, Bev\u00f6lkerungsschutz und Sport, Guy Parmelin, empfing am 18. Juni 2018 Schweizer Athletinnen und<\/p>\n","protected":false},"author":1,"featured_media":909,"comment_status":"closed","ping_status":"closed","sticky":false,"template":"","format":"standard","meta":{"colormag_page_container_layout":"default_layout","colormag_page_sidebar_layout":"default_layout","_lmt_disableupdate":"","_lmt_disable":"","footnotes":""},"categories":[1],"tags":[],"class_list":["post-906","post","type-post","status-publish","format-standard","has-post-thumbnail","hentry","category-uncategorized"],"modified_by":"karat3","_links":{"self":[{"href":"http:\/\/karate-aargau.ch\/akv\/wp-json\/wp\/v2\/posts\/906","targetHints":{"allow":["GET"]}}],"collection":[{"href":"http:\/\/karate-aargau.ch\/akv\/wp-json\/wp\/v2\/posts"}],"about":[{"href":"http:\/\/karate-aargau.ch\/akv\/wp-json\/wp\/v2\/types\/post"}],"author":[{"embeddable":true,"href":"http:\/\/karate-aargau.ch\/akv\/wp-json\/wp\/v2\/users\/1"}],"replies":[{"embeddable":true,"href":"http:\/\/karate-aargau.ch\/akv\/wp-json\/wp\/v2\/comments?post=906"}],"version-history":[{"count":2,"href":"http:\/\/karate-aargau.ch\/akv\/wp-json\/wp\/v2\/posts\/906\/revisions"}],"predecessor-version":[{"id":910,"href":"http:\/\/karate-aargau.ch\/akv\/wp-json\/wp\/v2\/posts\/906\/revisions\/910"}],"wp:featuredmedia":[{"embeddable":true,"href":"http:\/\/karate-aargau.ch\/akv\/wp-json\/wp\/v2\/media\/909"}],"wp:attachment":[{"href":"http:\/\/karate-aargau.ch\/akv\/wp-json\/wp\/v2\/media?parent=906"}],"wp:term":[{"taxonomy":"category","embeddable":true,"href":"http:\/\/karate-aargau.ch\/akv\/wp-json\/wp\/v2\/categories?post=906"},{"taxonomy":"post_tag","embeddable":true,"href":"http:\/\/karate-aargau.ch\/akv\/wp-json\/wp\/v2\/tags?post=906"}],"curies":[{"name":"wp","href":"https:\/\/api.w.org\/{rel}","templated":true}]}}