{"id":902,"date":"2018-07-11T03:10:36","date_gmt":"2018-07-11T01:10:36","guid":{"rendered":"http:\/\/www.karate-aargau.ch\/akv\/?p=902"},"modified":"2018-07-11T03:10:36","modified_gmt":"2018-07-11T01:10:36","slug":"bronzemedaille-fur-anna-hirt-am-wkf-karate1","status":"publish","type":"post","link":"http:\/\/karate-aargau.ch\/akv\/uncategorized\/bronzemedaille-fur-anna-hirt-am-wkf-karate1\/","title":{"rendered":"Bronzemedaille f\u00fcr Anna Hirt am WKF Karate1"},"content":{"rendered":"<p>Bronzemedaille f\u00fcr Anna Hirt am WKF Karate1 Turnier in Umag (Kroatien). In der mit 62 K\u00e4mpferinnen aus 35 Nationen besetzten Kategorie -59 Kg setzte sich Anna Hirt bis ins Polofinale durch. Dort unterlag sie der Europameisterin von 2017 knapp. Im Kampf um Platz 3 gewann sie gegen Kosovo mit 2:1 Punkten. <\/p>\n<p>Herzliche Gratulation f\u00fcr diese starke Leistung!<\/p>\n<p><a href=\"http:\/\/karate-aargau.ch\/wp-content\/uploads\/pic1531121020.jpg\"><img loading=\"lazy\" decoding=\"async\" src=\"http:\/\/karate-aargau.ch\/wp-content\/uploads\/pic1531121020-300x243.jpg\" alt=\"pic1531121020\" width=\"300\" height=\"243\" class=\"aligncenter size-medium wp-image-903\" srcset=\"http:\/\/karate-aargau.ch\/wp-content\/uploads\/pic1531121020-300x243.jpg 300w, http:\/\/karate-aargau.ch\/wp-content\/uploads\/pic1531121020.jpg 465w\" sizes=\"auto, (max-width: 300px) 100vw, 300px\" \/><\/a><\/p>\n<p><a href=\"http:\/\/karate-aargau.ch\/wp-content\/uploads\/IMG_8027.jpg\"><img loading=\"lazy\" decoding=\"async\" src=\"http:\/\/karate-aargau.ch\/wp-content\/uploads\/IMG_8027-300x200.jpg\" alt=\"IMG_8027\" width=\"300\" height=\"200\" class=\"aligncenter size-medium wp-image-904\" srcset=\"http:\/\/karate-aargau.ch\/wp-content\/uploads\/IMG_8027-300x200.jpg 300w, http:\/\/karate-aargau.ch\/wp-content\/uploads\/IMG_8027.jpg 960w\" sizes=\"auto, (max-width: 300px) 100vw, 300px\" \/><\/a><\/p>\n<p>Quelle Bild: http:\/\/www.karatedobrugg.ch\/aktuell\/index.php<\/p>\n","protected":false},"excerpt":{"rendered":"<p>Bronzemedaille f\u00fcr Anna Hirt am WKF Karate1 Turnier in Umag (Kroatien). In der mit 62 K\u00e4mpferinnen aus 35 Nationen besetzten<\/p>\n","protected":false},"author":1,"featured_media":903,"comment_status":"closed","ping_status":"closed","sticky":false,"template":"","format":"standard","meta":{"colormag_page_container_layout":"default_layout","colormag_page_sidebar_layout":"default_layout","_lmt_disableupdate":"","_lmt_disable":"","footnotes":""},"categories":[1],"tags":[],"class_list":["post-902","post","type-post","status-publish","format-standard","has-post-thumbnail","hentry","category-uncategorized"],"modified_by":"karat3","_links":{"self":[{"href":"http:\/\/karate-aargau.ch\/akv\/wp-json\/wp\/v2\/posts\/902","targetHints":{"allow":["GET"]}}],"collection":[{"href":"http:\/\/karate-aargau.ch\/akv\/wp-json\/wp\/v2\/posts"}],"about":[{"href":"http:\/\/karate-aargau.ch\/akv\/wp-json\/wp\/v2\/types\/post"}],"author":[{"embeddable":true,"href":"http:\/\/karate-aargau.ch\/akv\/wp-json\/wp\/v2\/users\/1"}],"replies":[{"embeddable":true,"href":"http:\/\/karate-aargau.ch\/akv\/wp-json\/wp\/v2\/comments?post=902"}],"version-history":[{"count":1,"href":"http:\/\/karate-aargau.ch\/akv\/wp-json\/wp\/v2\/posts\/902\/revisions"}],"predecessor-version":[{"id":905,"href":"http:\/\/karate-aargau.ch\/akv\/wp-json\/wp\/v2\/posts\/902\/revisions\/905"}],"wp:featuredmedia":[{"embeddable":true,"href":"http:\/\/karate-aargau.ch\/akv\/wp-json\/wp\/v2\/media\/903"}],"wp:attachment":[{"href":"http:\/\/karate-aargau.ch\/akv\/wp-json\/wp\/v2\/media?parent=902"}],"wp:term":[{"taxonomy":"category","embeddable":true,"href":"http:\/\/karate-aargau.ch\/akv\/wp-json\/wp\/v2\/categories?post=902"},{"taxonomy":"post_tag","embeddable":true,"href":"http:\/\/karate-aargau.ch\/akv\/wp-json\/wp\/v2\/tags?post=902"}],"curies":[{"name":"wp","href":"https:\/\/api.w.org\/{rel}","templated":true}]}}