{"id":89,"date":"2015-08-08T17:47:59","date_gmt":"2015-08-08T15:47:59","guid":{"rendered":"http:\/\/www.karate-aargau.ch\/akv\/?p=89"},"modified":"2015-09-30T17:55:57","modified_gmt":"2015-09-30T15:55:57","slug":"neuer-prasident","status":"publish","type":"post","link":"http:\/\/karate-aargau.ch\/akv\/uncategorized\/neuer-prasident\/","title":{"rendered":"Neuer Pr\u00e4sident AKV"},"content":{"rendered":"<p>S<img loading=\"lazy\" decoding=\"async\" class=\"size-full wp-image-90 alignleft\" src=\"http:\/\/karate-aargau.ch\/wp-content\/uploads\/2015\/09\/756857-6de30bbb72e2c87cffff9273a426365.jpg\" alt=\"756857-6de30bbb72e2c87cffff9273a426365\" width=\"172\" height=\"178\" \/>tephan L\u00e4uchli wurde diesen Sommer\u00a0zum neuen AKV Pr\u00e4sident gew\u00e4hlt. Wir heissen Stephan herzlich willkommen und w\u00fcnschen ihm viel Erfolg im neuen Amt. Es gibt viele Herausforderungen zu meistern, allem voran die Organisation der Aargauischen Karate Meisterschaft in Brugg Ende August. Wir sind \u00fcberzeugt, dass mit Stephan der richtige Mann am Zug ist.<\/p>\n","protected":false},"excerpt":{"rendered":"<p>Stephan L\u00e4uchli wurde diesen Sommer\u00a0zum neuen AKV Pr\u00e4sident gew\u00e4hlt. Wir heissen Stephan herzlich willkommen und w\u00fcnschen ihm viel Erfolg im<\/p>\n","protected":false},"author":1,"featured_media":90,"comment_status":"open","ping_status":"open","sticky":false,"template":"","format":"standard","meta":{"colormag_page_container_layout":"default_layout","colormag_page_sidebar_layout":"default_layout","_lmt_disableupdate":"","_lmt_disable":"","footnotes":""},"categories":[1],"tags":[],"class_list":["post-89","post","type-post","status-publish","format-standard","has-post-thumbnail","hentry","category-uncategorized"],"modified_by":"karat3","_links":{"self":[{"href":"http:\/\/karate-aargau.ch\/akv\/wp-json\/wp\/v2\/posts\/89","targetHints":{"allow":["GET"]}}],"collection":[{"href":"http:\/\/karate-aargau.ch\/akv\/wp-json\/wp\/v2\/posts"}],"about":[{"href":"http:\/\/karate-aargau.ch\/akv\/wp-json\/wp\/v2\/types\/post"}],"author":[{"embeddable":true,"href":"http:\/\/karate-aargau.ch\/akv\/wp-json\/wp\/v2\/users\/1"}],"replies":[{"embeddable":true,"href":"http:\/\/karate-aargau.ch\/akv\/wp-json\/wp\/v2\/comments?post=89"}],"version-history":[{"count":4,"href":"http:\/\/karate-aargau.ch\/akv\/wp-json\/wp\/v2\/posts\/89\/revisions"}],"predecessor-version":[{"id":94,"href":"http:\/\/karate-aargau.ch\/akv\/wp-json\/wp\/v2\/posts\/89\/revisions\/94"}],"wp:featuredmedia":[{"embeddable":true,"href":"http:\/\/karate-aargau.ch\/akv\/wp-json\/wp\/v2\/media\/90"}],"wp:attachment":[{"href":"http:\/\/karate-aargau.ch\/akv\/wp-json\/wp\/v2\/media?parent=89"}],"wp:term":[{"taxonomy":"category","embeddable":true,"href":"http:\/\/karate-aargau.ch\/akv\/wp-json\/wp\/v2\/categories?post=89"},{"taxonomy":"post_tag","embeddable":true,"href":"http:\/\/karate-aargau.ch\/akv\/wp-json\/wp\/v2\/tags?post=89"}],"curies":[{"name":"wp","href":"https:\/\/api.w.org\/{rel}","templated":true}]}}