{"id":886,"date":"2018-06-03T03:28:21","date_gmt":"2018-06-03T01:28:21","guid":{"rendered":"http:\/\/www.karate-aargau.ch\/akv\/?p=886"},"modified":"2018-06-03T03:28:21","modified_gmt":"2018-06-03T01:28:21","slug":"elena-quirici-ist-europameisterin-2018","status":"publish","type":"post","link":"http:\/\/karate-aargau.ch\/akv\/uncategorized\/elena-quirici-ist-europameisterin-2018\/","title":{"rendered":"Elena Quirici ist Europameisterin 2018"},"content":{"rendered":"<p>Auch dieses Jahr ist sie nicht zu stoppen: <span style=\"color: #0000ff;\"><strong>Elena Quirici<\/strong> <\/span>holt sich an der diesj\u00e4hrigen Europameisterschaft in Serbien ihren wohlverdienten zweiten EM-Titel. Im Halbfinale k\u00e4mpfte sie gegen Irina Zareska aus Aserbaidschan und gewann die <strong><span style=\"color: #0000ff;\">Goldmedaille<\/span> <\/strong>in der Kategorie Female Kumite -68kg.<\/p>\n<p>F\u00fcr Elena ist es nach 2016 der zweite Titelgewinn an Europameisterschaften im Einzelkampf. Nicht nur im Einzelkampf, auch in der Kategorie Team Kumite beweist Elena ihr K\u00f6nnen und erk\u00e4mpft zusammen Ramona Br\u00fcderlin, No\u00e9mie Kornfeld und Nina Radjenovic den ersten Platz. Diese Resultate sind kaum zu \u00fcbertreffen.<\/p>\n<p>Wir gratulieren Elena f\u00fcr ihre super Leistung!<\/p>\n<p style=\"text-align: center;\"><a href=\"http:\/\/karate-aargau.ch\/wp-content\/uploads\/a-quirici-Goldmedaille-EM-Novi-Sad-2018_1024x768.jpg\"><img loading=\"lazy\" decoding=\"async\" class=\"aligncenter size-medium wp-image-879\" src=\"http:\/\/karate-aargau.ch\/wp-content\/uploads\/a-quirici-Goldmedaille-EM-Novi-Sad-2018_1024x768-300x225.jpg\" alt=\"a-quirici-Goldmedaille-EM-Novi-Sad-2018_1024x768\" width=\"300\" height=\"225\" srcset=\"http:\/\/karate-aargau.ch\/wp-content\/uploads\/a-quirici-Goldmedaille-EM-Novi-Sad-2018_1024x768-300x225.jpg 300w, http:\/\/karate-aargau.ch\/wp-content\/uploads\/a-quirici-Goldmedaille-EM-Novi-Sad-2018_1024x768.jpg 1024w\" sizes=\"auto, (max-width: 300px) 100vw, 300px\" \/><\/a><br \/>\nBildquelle: <a href=\"http:\/\/www.karate.ch\/elena-quirici-europameisterin-2018-in-nov-sad\/\">http:\/\/www.karate.ch\/elena-quirici-europameisterin-2018-in-nov-sad\/<\/a><\/p>\n<p style=\"text-align: left;\"><a href=\"http:\/\/karate-aargau.ch\/wp-content\/uploads\/EKF-EM-Medaillenspiegel.pdf\">EKF EM Medaillenspiegel<\/a><\/p>\n","protected":false},"excerpt":{"rendered":"<p>Auch dieses Jahr ist sie nicht zu stoppen: Elena Quirici holt sich an der diesj\u00e4hrigen Europameisterschaft in Serbien ihren wohlverdienten<\/p>\n","protected":false},"author":1,"featured_media":879,"comment_status":"closed","ping_status":"closed","sticky":false,"template":"","format":"standard","meta":{"colormag_page_container_layout":"default_layout","colormag_page_sidebar_layout":"default_layout","_lmt_disableupdate":"","_lmt_disable":"","footnotes":""},"categories":[1],"tags":[],"class_list":["post-886","post","type-post","status-publish","format-standard","has-post-thumbnail","hentry","category-uncategorized"],"modified_by":"karat3","_links":{"self":[{"href":"http:\/\/karate-aargau.ch\/akv\/wp-json\/wp\/v2\/posts\/886","targetHints":{"allow":["GET"]}}],"collection":[{"href":"http:\/\/karate-aargau.ch\/akv\/wp-json\/wp\/v2\/posts"}],"about":[{"href":"http:\/\/karate-aargau.ch\/akv\/wp-json\/wp\/v2\/types\/post"}],"author":[{"embeddable":true,"href":"http:\/\/karate-aargau.ch\/akv\/wp-json\/wp\/v2\/users\/1"}],"replies":[{"embeddable":true,"href":"http:\/\/karate-aargau.ch\/akv\/wp-json\/wp\/v2\/comments?post=886"}],"version-history":[{"count":1,"href":"http:\/\/karate-aargau.ch\/akv\/wp-json\/wp\/v2\/posts\/886\/revisions"}],"predecessor-version":[{"id":887,"href":"http:\/\/karate-aargau.ch\/akv\/wp-json\/wp\/v2\/posts\/886\/revisions\/887"}],"wp:featuredmedia":[{"embeddable":true,"href":"http:\/\/karate-aargau.ch\/akv\/wp-json\/wp\/v2\/media\/879"}],"wp:attachment":[{"href":"http:\/\/karate-aargau.ch\/akv\/wp-json\/wp\/v2\/media?parent=886"}],"wp:term":[{"taxonomy":"category","embeddable":true,"href":"http:\/\/karate-aargau.ch\/akv\/wp-json\/wp\/v2\/categories?post=886"},{"taxonomy":"post_tag","embeddable":true,"href":"http:\/\/karate-aargau.ch\/akv\/wp-json\/wp\/v2\/tags?post=886"}],"curies":[{"name":"wp","href":"https:\/\/api.w.org\/{rel}","templated":true}]}}