{"id":864,"date":"2018-03-12T03:15:09","date_gmt":"2018-03-12T02:15:09","guid":{"rendered":"http:\/\/www.karate-aargau.ch\/akv\/?p=864"},"modified":"2018-03-12T03:15:09","modified_gmt":"2018-03-12T02:15:09","slug":"maya-scharer-u21-vize-europameisterin","status":"publish","type":"post","link":"http:\/\/karate-aargau.ch\/akv\/uncategorized\/maya-scharer-u21-vize-europameisterin\/","title":{"rendered":"Maya Sch\u00e4rer U21 Vize-Europameisterin"},"content":{"rendered":"<p>An der 45th EKF Junior&#038; Cadet und U21 Europameisterschaft in Sochi, Russland (02.-04. Februar 2018) hat sich unsere Aargauer Karateka Maya Sch\u00e4rer den 2. Podestplatz erk\u00e4mpft und ist somit die diesj\u00e4hrige U21 Vize-Europameisterin.<br \/>\nHerzliche Gratulation und weiter so, Maya Sch\u00e4rer!<\/p>\n<p><a href=\"http:\/\/karate-aargau.ch\/wp-content\/uploads\/MayaSchaerer.jpg\"><img loading=\"lazy\" decoding=\"async\" src=\"http:\/\/karate-aargau.ch\/wp-content\/uploads\/MayaSchaerer-595x1024.jpg\" alt=\"MayaSchaerer\" width=\"595\" height=\"1024\" class=\"aligncenter size-large wp-image-863\" srcset=\"http:\/\/karate-aargau.ch\/wp-content\/uploads\/MayaSchaerer-595x1024.jpg 595w, http:\/\/karate-aargau.ch\/wp-content\/uploads\/MayaSchaerer-174x300.jpg 174w, http:\/\/karate-aargau.ch\/wp-content\/uploads\/MayaSchaerer.jpg 680w\" sizes=\"auto, (max-width: 595px) 100vw, 595px\" \/><\/a><\/p>\n<p>Bildquelle: <a href=\"http:\/\/www.karatedobrugg.ch\/aktuell\/index.php?action=view&#038;offset=66&#038;id=0\">http:\/\/www.karatedobrugg.ch\/aktuell\/index.php?action=view&#038;offset=66&#038;id=0<\/a><\/p>\n","protected":false},"excerpt":{"rendered":"<p>An der 45th EKF Junior&#038; Cadet und U21 Europameisterschaft in Sochi, Russland (02.-04. Februar 2018) hat sich unsere Aargauer Karateka<\/p>\n","protected":false},"author":1,"featured_media":863,"comment_status":"closed","ping_status":"closed","sticky":false,"template":"","format":"standard","meta":{"colormag_page_container_layout":"default_layout","colormag_page_sidebar_layout":"default_layout","_lmt_disableupdate":"","_lmt_disable":"","footnotes":""},"categories":[1],"tags":[],"class_list":["post-864","post","type-post","status-publish","format-standard","has-post-thumbnail","hentry","category-uncategorized"],"modified_by":"karat3","_links":{"self":[{"href":"http:\/\/karate-aargau.ch\/akv\/wp-json\/wp\/v2\/posts\/864","targetHints":{"allow":["GET"]}}],"collection":[{"href":"http:\/\/karate-aargau.ch\/akv\/wp-json\/wp\/v2\/posts"}],"about":[{"href":"http:\/\/karate-aargau.ch\/akv\/wp-json\/wp\/v2\/types\/post"}],"author":[{"embeddable":true,"href":"http:\/\/karate-aargau.ch\/akv\/wp-json\/wp\/v2\/users\/1"}],"replies":[{"embeddable":true,"href":"http:\/\/karate-aargau.ch\/akv\/wp-json\/wp\/v2\/comments?post=864"}],"version-history":[{"count":2,"href":"http:\/\/karate-aargau.ch\/akv\/wp-json\/wp\/v2\/posts\/864\/revisions"}],"predecessor-version":[{"id":866,"href":"http:\/\/karate-aargau.ch\/akv\/wp-json\/wp\/v2\/posts\/864\/revisions\/866"}],"wp:featuredmedia":[{"embeddable":true,"href":"http:\/\/karate-aargau.ch\/akv\/wp-json\/wp\/v2\/media\/863"}],"wp:attachment":[{"href":"http:\/\/karate-aargau.ch\/akv\/wp-json\/wp\/v2\/media?parent=864"}],"wp:term":[{"taxonomy":"category","embeddable":true,"href":"http:\/\/karate-aargau.ch\/akv\/wp-json\/wp\/v2\/categories?post=864"},{"taxonomy":"post_tag","embeddable":true,"href":"http:\/\/karate-aargau.ch\/akv\/wp-json\/wp\/v2\/tags?post=864"}],"curies":[{"name":"wp","href":"https:\/\/api.w.org\/{rel}","templated":true}]}}