{"id":689,"date":"2017-10-26T03:38:11","date_gmt":"2017-10-26T01:38:11","guid":{"rendered":"http:\/\/www.karate-aargau.ch\/akv\/?p=689"},"modified":"2017-10-27T04:41:46","modified_gmt":"2017-10-27T02:41:46","slug":"elena-quirici-ist-die-aktuelle-weltnummer-2","status":"publish","type":"post","link":"http:\/\/karate-aargau.ch\/akv\/uncategorized\/elena-quirici-ist-die-aktuelle-weltnummer-2\/","title":{"rendered":"Elena Quirici ist die aktuelle Weltnummer 2"},"content":{"rendered":"<p>Elena Quirici wurde am K1-Serie-A-Turnier in Salzburg ausgezeichnete Dritte.<br \/>\nDie Europameisterin 2016 musste sich in intensiven K\u00e4mpfen einzig und knapp gegen die amtierende Vizeweltmeisterin Kathrine Pedersen aus D\u00e4nemark geschlagen geben, welche in der Folge das Turnier f\u00fcr sich entschied.<\/p>\n<p>Durch diese erneute Glanzleistung in Salzburg best\u00e4tigte Elena Quirici einerseits eindrucksvoll ihren erstmaligen K1-Turniergewinn vor wenigen Wochen in Istanbul und r\u00fcckte zudem auch in der aktuellen Weltrangliste von Platz 3 auf Platz 2 in der Kategorie -68 kg Kumite vor.<\/p>\n<p>Dieses weltweite Ranking auf Platz 2 der jungen Aargauerin ist umso bemerkenswerter, weil die in dieser Kategorie aktuell immer noch als weltweite Nummer 1 gef\u00fchrte Alisa Buchinger (\u00d6sterreich) seit wenigen Wochen eine Gewichtsklasse (-61 kg) tiefer k\u00e4mpft.<\/p>\n<p><span style=\"color: #0000ff;\">Offiziele Ergebnisliste<\/span>, WKF Karate1 Series A in <span style=\"color: #0000ff;\">Salzburg<\/span> (7.\/8.10.2017) Female Kumite -68kg (<a href=\"http:\/\/karate-aargau.ch\/wp-content\/uploads\/Results_Karate-1-serie-salzburg-october-7_8_10_2017.pdf\">Results_Karate-1-serie-Salzburg<\/a>)<br \/>\n<span style=\"color: #0000ff;\">Offizielle Ergebnisliste<\/span>, WKF Karate1 Series A in <span style=\"color: #0000ff;\">Istanbul<\/span> (23.\/24.09.2017) (<a href=\"http:\/\/karate-aargau.ch\/wp-content\/uploads\/Results-karate-1-serie-a-istanbul-september-23-24-2017.pdf\">Results-karate-1-serie-a-Istanbul<\/a>)<\/p>\n<p><a href=\"http:\/\/karate-aargau.ch\/wp-content\/uploads\/Elena-Quirici.jpg\"><img loading=\"lazy\" decoding=\"async\" class=\"alignleft size-medium wp-image-686\" src=\"http:\/\/karate-aargau.ch\/wp-content\/uploads\/Elena-Quirici-300x282.jpg\" alt=\"Elena Quirici\" width=\"300\" height=\"282\" srcset=\"http:\/\/karate-aargau.ch\/wp-content\/uploads\/Elena-Quirici-300x282.jpg 300w, http:\/\/karate-aargau.ch\/wp-content\/uploads\/Elena-Quirici-1024x963.jpg 1024w, http:\/\/karate-aargau.ch\/wp-content\/uploads\/Elena-Quirici.jpg 1080w\" sizes=\"auto, (max-width: 300px) 100vw, 300px\" \/><\/a><\/p>\n<p>&nbsp;<\/p>\n<p>&nbsp;<\/p>\n<p>&nbsp;<\/p>\n<p>&nbsp;<\/p>\n<p>&nbsp;<\/p>\n<p>&nbsp;<\/p>\n<p>&nbsp;<\/p>\n<p>&nbsp;<\/p>\n<p>Bildquelle: <a href=\"http:\/\/www.karate.ch\/\" target=\"_blank\" rel=\"noopener\">http:\/\/www.karate.ch\/<\/a><\/p>\n","protected":false},"excerpt":{"rendered":"<p>Elena Quirici wurde am K1-Serie-A-Turnier in Salzburg ausgezeichnete Dritte. Die Europameisterin 2016 musste sich in intensiven K\u00e4mpfen einzig und knapp<\/p>\n","protected":false},"author":1,"featured_media":686,"comment_status":"closed","ping_status":"closed","sticky":false,"template":"","format":"standard","meta":{"colormag_page_container_layout":"default_layout","colormag_page_sidebar_layout":"default_layout","_lmt_disableupdate":"","_lmt_disable":"","footnotes":""},"categories":[1],"tags":[],"class_list":["post-689","post","type-post","status-publish","format-standard","has-post-thumbnail","hentry","category-uncategorized"],"modified_by":"karat3","_links":{"self":[{"href":"http:\/\/karate-aargau.ch\/akv\/wp-json\/wp\/v2\/posts\/689","targetHints":{"allow":["GET"]}}],"collection":[{"href":"http:\/\/karate-aargau.ch\/akv\/wp-json\/wp\/v2\/posts"}],"about":[{"href":"http:\/\/karate-aargau.ch\/akv\/wp-json\/wp\/v2\/types\/post"}],"author":[{"embeddable":true,"href":"http:\/\/karate-aargau.ch\/akv\/wp-json\/wp\/v2\/users\/1"}],"replies":[{"embeddable":true,"href":"http:\/\/karate-aargau.ch\/akv\/wp-json\/wp\/v2\/comments?post=689"}],"version-history":[{"count":7,"href":"http:\/\/karate-aargau.ch\/akv\/wp-json\/wp\/v2\/posts\/689\/revisions"}],"predecessor-version":[{"id":696,"href":"http:\/\/karate-aargau.ch\/akv\/wp-json\/wp\/v2\/posts\/689\/revisions\/696"}],"wp:featuredmedia":[{"embeddable":true,"href":"http:\/\/karate-aargau.ch\/akv\/wp-json\/wp\/v2\/media\/686"}],"wp:attachment":[{"href":"http:\/\/karate-aargau.ch\/akv\/wp-json\/wp\/v2\/media?parent=689"}],"wp:term":[{"taxonomy":"category","embeddable":true,"href":"http:\/\/karate-aargau.ch\/akv\/wp-json\/wp\/v2\/categories?post=689"},{"taxonomy":"post_tag","embeddable":true,"href":"http:\/\/karate-aargau.ch\/akv\/wp-json\/wp\/v2\/tags?post=689"}],"curies":[{"name":"wp","href":"https:\/\/api.w.org\/{rel}","templated":true}]}}