{"id":614,"date":"2017-09-27T04:55:34","date_gmt":"2017-09-27T02:55:34","guid":{"rendered":"http:\/\/www.karate-aargau.ch\/akv\/?p=614"},"modified":"2017-09-27T04:55:34","modified_gmt":"2017-09-27T02:55:34","slug":"basel-open-masters-2017","status":"publish","type":"post","link":"http:\/\/karate-aargau.ch\/akv\/uncategorized\/basel-open-masters-2017\/","title":{"rendered":"BASEL OPEN MASTERS 2017"},"content":{"rendered":"<p>Am 16.\/17. September 2017 fand in Basel mit dem \u00abBasel Open Masters\u00bb zum achten mal das gr\u00f6sste internationale Karateturnier der Schweiz statt. 20 Nationen und \u00fcber 700 Nennungen aus der ganzen Welt zeigten w\u00e4hrend zwei Tagen hochstehende Katas und attraktive Kumite-Wettk\u00e4mpfe.<\/p>\n<p>Auf der Startliste standen die grossen bekannten Namen aus dem internationalen Karateumfeld. Mit Rafael Aghayev aus Azerbaijan nahm ein absoluter Superstar (mehrfacher Europa- und Weltmeister) teil. Im Teilnehmerfeld waren auch weitere weltweit erfolgreiche Sportler wie der englische Weltmeister Thomas Jordan, der Vizeweltmeister Aykhan Mamayev aus Azerbaijan, die ukrainische Europameisterin Iryna Zaretska, der t\u00fcrkische Vize-Europameister G\u00f6khan Gunduz sowie die beiden Junioren-Europameister Dacosta Steven aus Frankreich und Polina Hurenko aus der Ukraine.<\/p>\n<p>Am Samstag konnten w\u00e4hrend dem gesamten Wettkampftag verschiedene Karate-Disziplinen auf h\u00f6chstem Niveau bestaunt werden. Das Highlight des Turniers war die Master-Kategorie, in der die Besten der Besten gegeneinander antraten. Der mehrfache Weltmeister Rafael Aghayev zeigte Geschwindigkeit, Kampfst\u00e4rke und bewies damit sein meisterliches K\u00f6nnen. Bei den Damen setzt sich Iryna Zaretska durch ihren Kampfgeist und absolute Pr\u00e4zision durch. Gemeinsam werden die beiden Basel Open Masters 2017.<\/p>\n<p>Aus Aargauer Sicht gelang Murat Sahin (Cheftrainer Karateclub Laufenburg) ebenfalls ein Supererfolg, indem er bei den Herren den dritten Rang belegte. Herzliche Gratulation!<\/p>\n<p>&nbsp;<\/p>\n<p><a href=\"http:\/\/karate-aargau.ch\/wp-content\/uploads\/BaselOpenMasters.jpg\"><img loading=\"lazy\" decoding=\"async\" class=\"aligncenter size-full wp-image-605\" src=\"http:\/\/karate-aargau.ch\/wp-content\/uploads\/BaselOpenMasters.jpg\" alt=\"BaselOpenMasters\" width=\"734\" height=\"400\" srcset=\"http:\/\/karate-aargau.ch\/wp-content\/uploads\/BaselOpenMasters.jpg 734w, http:\/\/karate-aargau.ch\/wp-content\/uploads\/BaselOpenMasters-300x163.jpg 300w\" sizes=\"auto, (max-width: 734px) 100vw, 734px\" \/><\/a><\/p>\n","protected":false},"excerpt":{"rendered":"<p>Am 16.\/17. September 2017 fand in Basel mit dem \u00abBasel Open Masters\u00bb zum achten mal das gr\u00f6sste internationale Karateturnier der<\/p>\n","protected":false},"author":1,"featured_media":605,"comment_status":"closed","ping_status":"closed","sticky":false,"template":"","format":"standard","meta":{"colormag_page_container_layout":"default_layout","colormag_page_sidebar_layout":"default_layout","_lmt_disableupdate":"","_lmt_disable":"","footnotes":""},"categories":[1],"tags":[],"class_list":["post-614","post","type-post","status-publish","format-standard","has-post-thumbnail","hentry","category-uncategorized"],"modified_by":"karat3","_links":{"self":[{"href":"http:\/\/karate-aargau.ch\/akv\/wp-json\/wp\/v2\/posts\/614","targetHints":{"allow":["GET"]}}],"collection":[{"href":"http:\/\/karate-aargau.ch\/akv\/wp-json\/wp\/v2\/posts"}],"about":[{"href":"http:\/\/karate-aargau.ch\/akv\/wp-json\/wp\/v2\/types\/post"}],"author":[{"embeddable":true,"href":"http:\/\/karate-aargau.ch\/akv\/wp-json\/wp\/v2\/users\/1"}],"replies":[{"embeddable":true,"href":"http:\/\/karate-aargau.ch\/akv\/wp-json\/wp\/v2\/comments?post=614"}],"version-history":[{"count":1,"href":"http:\/\/karate-aargau.ch\/akv\/wp-json\/wp\/v2\/posts\/614\/revisions"}],"predecessor-version":[{"id":615,"href":"http:\/\/karate-aargau.ch\/akv\/wp-json\/wp\/v2\/posts\/614\/revisions\/615"}],"wp:featuredmedia":[{"embeddable":true,"href":"http:\/\/karate-aargau.ch\/akv\/wp-json\/wp\/v2\/media\/605"}],"wp:attachment":[{"href":"http:\/\/karate-aargau.ch\/akv\/wp-json\/wp\/v2\/media?parent=614"}],"wp:term":[{"taxonomy":"category","embeddable":true,"href":"http:\/\/karate-aargau.ch\/akv\/wp-json\/wp\/v2\/categories?post=614"},{"taxonomy":"post_tag","embeddable":true,"href":"http:\/\/karate-aargau.ch\/akv\/wp-json\/wp\/v2\/tags?post=614"}],"curies":[{"name":"wp","href":"https:\/\/api.w.org\/{rel}","templated":true}]}}