{"id":594,"date":"2017-09-06T12:43:06","date_gmt":"2017-09-06T10:43:06","guid":{"rendered":"http:\/\/www.karate-aargau.ch\/akv\/?p=594"},"modified":"2017-09-06T12:43:06","modified_gmt":"2017-09-06T10:43:06","slug":"event-training-fur-akv-mitglieder","status":"publish","type":"post","link":"http:\/\/karate-aargau.ch\/akv\/uncategorized\/event-training-fur-akv-mitglieder\/","title":{"rendered":"Event-Training f\u00fcr AKV-Mitglieder"},"content":{"rendered":"<p>Liebe AKV-Mitglieder<\/p>\n<p>Nach 2008 findet nun dieses Jahr das zweite Event-Training vom AKV statt. Es bietet sich die interessante Gelegenheit einen Einblick in die Kampfkunst mit dem Bo, einer traditionellen Waffe des Kobudo, zu erhalten. Das sollte kein Karateka verpassen!<\/p>\n<p>Die Teilnahme ist kostenlos und wird vom AKV offeriert. Nach dem Training bietet sich zudem die Gelegenheit sich bei einem Getr\u00e4nk auszutauschen.<\/p>\n<p>Schon heute bedanken wir uns ganz herzlich bei der Kampfsportschule Aarau f\u00fcr die tolle M\u00f6glichkeit!<\/p>\n<p>F\u00fcr die Planung bitten wir um baldige Anmeldung gem\u00e4ss Ausschreibung. Bei Engp\u00e4ssen wir die Reihenfolge der eingegangenen Anmeldungen ber\u00fccksichtigt.<\/p>\n<p>Mehr Infos unter:<\/p>\n<p><a href=\"http:\/\/www.karateschule.ch\/standorte\/turnhalle-tellischulhaus-snippet\/\" target=\"_blank\">http:\/\/www.karateschule.ch\/standorte\/turnhalle-tellischulhaus-snippet\/<\/a><br \/>\n<a href=\"http:\/\/www.karateschule.ch\/kobudo\" target=\"_blank\">http:\/\/www.karateschule.ch\/kobudo<\/a><\/p>\n<p><a href=\"http:\/\/karate-aargau.ch\/wp-content\/uploads\/Kobudo.jpg\"><img loading=\"lazy\" decoding=\"async\" src=\"http:\/\/karate-aargau.ch\/wp-content\/uploads\/Kobudo.jpg\" alt=\"Kobudo\" width=\"621\" height=\"893\" class=\"aligncenter size-full wp-image-592\" srcset=\"http:\/\/karate-aargau.ch\/wp-content\/uploads\/Kobudo.jpg 621w, http:\/\/karate-aargau.ch\/wp-content\/uploads\/Kobudo-209x300.jpg 209w\" sizes=\"auto, (max-width: 621px) 100vw, 621px\" \/><\/a><\/p>\n<p><a href=\"http:\/\/karate-aargau.ch\/wp-content\/uploads\/Kobudo-Lehrgang2017_AKV.pdf\">FLYER Kobudo-Lehrgang2017_AKV<\/a><\/p>\n","protected":false},"excerpt":{"rendered":"<p>Liebe AKV-Mitglieder Nach 2008 findet nun dieses Jahr das zweite Event-Training vom AKV statt. Es bietet sich die interessante Gelegenheit<\/p>\n","protected":false},"author":1,"featured_media":0,"comment_status":"closed","ping_status":"closed","sticky":false,"template":"","format":"standard","meta":{"colormag_page_container_layout":"default_layout","colormag_page_sidebar_layout":"default_layout","_lmt_disableupdate":"","_lmt_disable":"","footnotes":""},"categories":[1],"tags":[],"class_list":["post-594","post","type-post","status-publish","format-standard","hentry","category-uncategorized"],"modified_by":"karat3","_links":{"self":[{"href":"http:\/\/karate-aargau.ch\/akv\/wp-json\/wp\/v2\/posts\/594","targetHints":{"allow":["GET"]}}],"collection":[{"href":"http:\/\/karate-aargau.ch\/akv\/wp-json\/wp\/v2\/posts"}],"about":[{"href":"http:\/\/karate-aargau.ch\/akv\/wp-json\/wp\/v2\/types\/post"}],"author":[{"embeddable":true,"href":"http:\/\/karate-aargau.ch\/akv\/wp-json\/wp\/v2\/users\/1"}],"replies":[{"embeddable":true,"href":"http:\/\/karate-aargau.ch\/akv\/wp-json\/wp\/v2\/comments?post=594"}],"version-history":[{"count":4,"href":"http:\/\/karate-aargau.ch\/akv\/wp-json\/wp\/v2\/posts\/594\/revisions"}],"predecessor-version":[{"id":598,"href":"http:\/\/karate-aargau.ch\/akv\/wp-json\/wp\/v2\/posts\/594\/revisions\/598"}],"wp:attachment":[{"href":"http:\/\/karate-aargau.ch\/akv\/wp-json\/wp\/v2\/media?parent=594"}],"wp:term":[{"taxonomy":"category","embeddable":true,"href":"http:\/\/karate-aargau.ch\/akv\/wp-json\/wp\/v2\/categories?post=594"},{"taxonomy":"post_tag","embeddable":true,"href":"http:\/\/karate-aargau.ch\/akv\/wp-json\/wp\/v2\/tags?post=594"}],"curies":[{"name":"wp","href":"https:\/\/api.w.org\/{rel}","templated":true}]}}