{"id":446,"date":"2016-11-23T01:46:11","date_gmt":"2016-11-23T00:46:11","guid":{"rendered":"http:\/\/www.karate-aargau.ch\/akv\/?p=446"},"modified":"2016-11-24T01:07:01","modified_gmt":"2016-11-24T00:07:01","slug":"schweizermeisterschaft-2016","status":"publish","type":"post","link":"http:\/\/karate-aargau.ch\/akv\/uncategorized\/schweizermeisterschaft-2016\/","title":{"rendered":"Schweizermeisterschaft 2016"},"content":{"rendered":"<p>Am vergangenen Wochenende (19.\/20. November 2016) fanden in Liestal die zweiten offiziellen Karate Schweizermeisterschaften der SKF statt. An dem national wichtigsten Turnier haben 54 Vereine mit insgesamt 368 Wettk\u00e4mpfern und 459 Nennungen teilgenommen. Dabei erk\u00e4mpften sich die Karatekas aus dem Club Karate Do Brugg und KSC Siggenthal insgesamt 15 Podestpl\u00e4tze.<br \/>\nDie Brugger Karatekas <span style=\"color: #0000ff;\">Elena Quirici, Maya Sch\u00e4rer<\/span> und<span style=\"color: #0000ff;\"> Luca Spitz<\/span> erhielten vom Pr\u00e4sidenten des Aargauischen Karateverbandes, <span style=\"color: #0000ff;\">Stephan L\u00e4uchli<\/span>, ein finanzielles Pr\u00e4sent als Dankesch\u00f6n f\u00fcr deren tollen Leistungen an den wichtigsten nationalen und internationalen Meisterschaften.<\/p>\n<p><a href=\"http:\/\/karate-aargau.ch\/wp-content\/uploads\/Ergebnisliste-Liestal-2016.pdf\" target=\"_blank\">Ergebnisliste-liestal-2016<\/a><\/p>\n<p><a href=\"http:\/\/karate-aargau.ch\/wp-content\/uploads\/SM_Liestal_2016.jpg\"><img loading=\"lazy\" decoding=\"async\" class=\"alignleft wp-image-454 size-medium\" src=\"http:\/\/karate-aargau.ch\/wp-content\/uploads\/SM_Liestal_2016-285x300.jpg\" alt=\"sm_liestal_2016\" width=\"285\" height=\"300\" srcset=\"http:\/\/karate-aargau.ch\/wp-content\/uploads\/SM_Liestal_2016-285x300.jpg 285w, http:\/\/karate-aargau.ch\/wp-content\/uploads\/SM_Liestal_2016-973x1024.jpg 973w\" sizes=\"auto, (max-width: 285px) 100vw, 285px\" \/><\/a><br \/>\n&nbsp;<\/p>\n<p>&nbsp;<\/p>\n<p>&nbsp;<\/p>\n<p>&nbsp;<\/p>\n<p>&nbsp;<\/p>\n<p>&nbsp;<\/p>\n<p>&nbsp;<\/p>\n<p>von links:<span style=\"color: #3366ff;\"> Elena Quirici, Stephan L\u00e4uchli, Maya Sch\u00e4rer und Luca Spitz<\/span><\/p>\n","protected":false},"excerpt":{"rendered":"<p>Am vergangenen Wochenende (19.\/20. November 2016) fanden in Liestal die zweiten offiziellen Karate Schweizermeisterschaften der SKF statt. An dem national<\/p>\n","protected":false},"author":1,"featured_media":454,"comment_status":"closed","ping_status":"closed","sticky":false,"template":"","format":"standard","meta":{"colormag_page_container_layout":"default_layout","colormag_page_sidebar_layout":"default_layout","_lmt_disableupdate":"","_lmt_disable":"","footnotes":""},"categories":[1],"tags":[],"class_list":["post-446","post","type-post","status-publish","format-standard","has-post-thumbnail","hentry","category-uncategorized"],"modified_by":"karat3","_links":{"self":[{"href":"http:\/\/karate-aargau.ch\/akv\/wp-json\/wp\/v2\/posts\/446","targetHints":{"allow":["GET"]}}],"collection":[{"href":"http:\/\/karate-aargau.ch\/akv\/wp-json\/wp\/v2\/posts"}],"about":[{"href":"http:\/\/karate-aargau.ch\/akv\/wp-json\/wp\/v2\/types\/post"}],"author":[{"embeddable":true,"href":"http:\/\/karate-aargau.ch\/akv\/wp-json\/wp\/v2\/users\/1"}],"replies":[{"embeddable":true,"href":"http:\/\/karate-aargau.ch\/akv\/wp-json\/wp\/v2\/comments?post=446"}],"version-history":[{"count":8,"href":"http:\/\/karate-aargau.ch\/akv\/wp-json\/wp\/v2\/posts\/446\/revisions"}],"predecessor-version":[{"id":456,"href":"http:\/\/karate-aargau.ch\/akv\/wp-json\/wp\/v2\/posts\/446\/revisions\/456"}],"wp:featuredmedia":[{"embeddable":true,"href":"http:\/\/karate-aargau.ch\/akv\/wp-json\/wp\/v2\/media\/454"}],"wp:attachment":[{"href":"http:\/\/karate-aargau.ch\/akv\/wp-json\/wp\/v2\/media?parent=446"}],"wp:term":[{"taxonomy":"category","embeddable":true,"href":"http:\/\/karate-aargau.ch\/akv\/wp-json\/wp\/v2\/categories?post=446"},{"taxonomy":"post_tag","embeddable":true,"href":"http:\/\/karate-aargau.ch\/akv\/wp-json\/wp\/v2\/tags?post=446"}],"curies":[{"name":"wp","href":"https:\/\/api.w.org\/{rel}","templated":true}]}}