{"id":4291,"date":"2023-07-15T02:30:57","date_gmt":"2023-07-15T00:30:57","guid":{"rendered":"http:\/\/www.karate-aargau.ch\/akv\/?p=4291"},"modified":"2023-07-15T02:31:51","modified_gmt":"2023-07-15T00:31:51","slug":"eric-timmer-an-der-wkf-weltmeisterschaft","status":"publish","type":"post","link":"http:\/\/karate-aargau.ch\/akv\/uncategorized\/eric-timmer-an-der-wkf-weltmeisterschaft\/","title":{"rendered":"Eric Timmer an der WKF Weltmeisterschaft"},"content":{"rendered":"<p><a href=\"http:\/\/karate-aargau.ch\/wp-content\/uploads\/IMG-20230708-WA0001.jpg\"><img loading=\"lazy\" decoding=\"async\" class=\"aligncenter size-large wp-image-4292\" src=\"http:\/\/karate-aargau.ch\/wp-content\/uploads\/IMG-20230708-WA0001-1024x683.jpg\" alt=\"\" width=\"800\" height=\"534\" srcset=\"http:\/\/karate-aargau.ch\/wp-content\/uploads\/IMG-20230708-WA0001-1024x683.jpg 1024w, http:\/\/karate-aargau.ch\/wp-content\/uploads\/IMG-20230708-WA0001-300x200.jpg 300w, http:\/\/karate-aargau.ch\/wp-content\/uploads\/IMG-20230708-WA0001-768x512.jpg 768w, http:\/\/karate-aargau.ch\/wp-content\/uploads\/IMG-20230708-WA0001.jpg 1434w\" sizes=\"auto, (max-width: 800px) 100vw, 800px\" \/><\/a><\/p>\n<p>Der Selektionsausschuss f\u00fchrte am 6. Juli 2023 die Selektionen f\u00fcr die Elite Weltmeisterschaften 2023 in Budapest (Ungarn) durch. Unter wenigen Schweizer Karatekas wurde Eric Timmer f\u00fcr die wichtigste Karatemeisterschaft selektioniert.  <\/p>\n<p>Wir w\u00fcnschen Eric eine gute Vorbereitungszeit und an der Weltmeisterschaft viel Erfolg!<\/p>\n","protected":false},"excerpt":{"rendered":"<p>Der Selektionsausschuss f\u00fchrte am 6. Juli 2023 die Selektionen f\u00fcr die Elite Weltmeisterschaften 2023 in Budapest (Ungarn) durch. Unter wenigen<\/p>\n","protected":false},"author":1,"featured_media":4292,"comment_status":"closed","ping_status":"closed","sticky":false,"template":"","format":"standard","meta":{"colormag_page_container_layout":"no_sidebar_full_width","colormag_page_sidebar_layout":"no_sidebar","_lmt_disableupdate":"no","_lmt_disable":"","footnotes":""},"categories":[1],"tags":[],"class_list":["post-4291","post","type-post","status-publish","format-standard","has-post-thumbnail","hentry","category-uncategorized"],"modified_by":"karat3","_links":{"self":[{"href":"http:\/\/karate-aargau.ch\/akv\/wp-json\/wp\/v2\/posts\/4291","targetHints":{"allow":["GET"]}}],"collection":[{"href":"http:\/\/karate-aargau.ch\/akv\/wp-json\/wp\/v2\/posts"}],"about":[{"href":"http:\/\/karate-aargau.ch\/akv\/wp-json\/wp\/v2\/types\/post"}],"author":[{"embeddable":true,"href":"http:\/\/karate-aargau.ch\/akv\/wp-json\/wp\/v2\/users\/1"}],"replies":[{"embeddable":true,"href":"http:\/\/karate-aargau.ch\/akv\/wp-json\/wp\/v2\/comments?post=4291"}],"version-history":[{"count":1,"href":"http:\/\/karate-aargau.ch\/akv\/wp-json\/wp\/v2\/posts\/4291\/revisions"}],"predecessor-version":[{"id":4293,"href":"http:\/\/karate-aargau.ch\/akv\/wp-json\/wp\/v2\/posts\/4291\/revisions\/4293"}],"wp:featuredmedia":[{"embeddable":true,"href":"http:\/\/karate-aargau.ch\/akv\/wp-json\/wp\/v2\/media\/4292"}],"wp:attachment":[{"href":"http:\/\/karate-aargau.ch\/akv\/wp-json\/wp\/v2\/media?parent=4291"}],"wp:term":[{"taxonomy":"category","embeddable":true,"href":"http:\/\/karate-aargau.ch\/akv\/wp-json\/wp\/v2\/categories?post=4291"},{"taxonomy":"post_tag","embeddable":true,"href":"http:\/\/karate-aargau.ch\/akv\/wp-json\/wp\/v2\/tags?post=4291"}],"curies":[{"name":"wp","href":"https:\/\/api.w.org\/{rel}","templated":true}]}}