{"id":428,"date":"2016-11-18T03:40:28","date_gmt":"2016-11-18T02:40:28","guid":{"rendered":"http:\/\/www.karate-aargau.ch\/akv\/?p=428"},"modified":"2016-11-18T03:40:28","modified_gmt":"2016-11-18T02:40:28","slug":"resultate-der-akv-karatekas-am-wado-kai-europacup-in-siggenthal","status":"publish","type":"post","link":"http:\/\/karate-aargau.ch\/akv\/uncategorized\/resultate-der-akv-karatekas-am-wado-kai-europacup-in-siggenthal\/","title":{"rendered":"Resultate der AKV-Karatekas am Wado-kai Europacup in Siggenthal"},"content":{"rendered":"<p><a href=\"http:\/\/karate-aargau.ch\/wp-content\/uploads\/Features_Sigg16.jpg\"><img loading=\"lazy\" decoding=\"async\" class=\"alignleft size-full wp-image-416\" src=\"http:\/\/karate-aargau.ch\/wp-content\/uploads\/Features_Sigg16.jpg\" alt=\"features_sigg16\" width=\"616\" height=\"464\" srcset=\"http:\/\/karate-aargau.ch\/wp-content\/uploads\/Features_Sigg16.jpg 616w, http:\/\/karate-aargau.ch\/wp-content\/uploads\/Features_Sigg16-300x226.jpg 300w\" sizes=\"auto, (max-width: 616px) 100vw, 616px\" \/><\/a>Am <span style=\"color: #3366ff;\">44. Wado-kai Europacup <\/span>in Siggenthal <span style=\"color: #3366ff;\">(12. November<\/span>) haben \u00fcber <span style=\"color: #3366ff;\">450<\/span> Wettk\u00e4mpfer aus <span style=\"color: #3366ff;\">21<\/span> europ\u00e4ischen Nationen des Stils Wado Ryu teilgenommen, darunter auch die besten Wado-kai Karatekas aus der Schweiz und insbesondere aus dem Kanton Aargau und aus der Region Brugg.<\/p>\n<p>An diesem wichtigen Grossanlass erbrachten Karatekas vom <span style=\"color: #3366ff;\">Club Karate Do Brugg<\/span> bemerkenswerte Leistungen.<\/p>\n<p>Schweizer Karatekas haben gem\u00e4ss der <span style=\"color: #3366ff;\">Medaillenstatistik<\/span> vom sportdata.org die meisten Podestpl\u00e4tze erobert. Dabei sicherten sich die Top-Sportler des Brugger Karateclubs insgesamt <strong><span style=\"color: #3366ff;\">10<\/span> <\/strong>von 19 Goldmedaillen. Zudem wurden <span style=\"color: #3366ff;\"><strong>4<\/strong><\/span> von 10 Silber- und<span style=\"color: #3366ff;\"><strong> 3<\/strong><\/span> von 11 Bronzemedaillen an unsere Brugger Athleten verliehen.<\/p>\n<p><span style=\"color: #3366ff;\"><strong>Herzliche Gratulation an alle AKV-Athleten!<\/strong><\/span><\/p>\n<p><span style=\"color: #ff0000;\"><a style=\"color: #ff0000;\" href=\"http:\/\/karate-aargau.ch\/wp-content\/uploads\/Ergebnissliste-12-November-2016-Siggenthal.pdf\" target=\"_blank\">Resultate-12-november-2016-Siggenthal<\/a><\/span><\/p>\n<p>&nbsp;<\/p>\n<p>&nbsp;<\/p>\n<p><strong>Impressionen vom Anlass:<\/strong><\/p>\n<p><a href=\"http:\/\/karate-aargau.ch\/wp-content\/uploads\/Bild_3_1067x800.png\"><img loading=\"lazy\" decoding=\"async\" class=\"alignleft size-medium wp-image-419\" src=\"http:\/\/karate-aargau.ch\/wp-content\/uploads\/Bild_3_1067x800-300x225.png\" alt=\"bild_3_1067x800\" width=\"300\" height=\"225\" srcset=\"http:\/\/karate-aargau.ch\/wp-content\/uploads\/Bild_3_1067x800-300x225.png 300w, http:\/\/karate-aargau.ch\/wp-content\/uploads\/Bild_3_1067x800-1024x768.png 1024w, http:\/\/karate-aargau.ch\/wp-content\/uploads\/Bild_3_1067x800.png 1067w\" sizes=\"auto, (max-width: 300px) 100vw, 300px\" \/><\/a><\/p>\n<p><a href=\"http:\/\/karate-aargau.ch\/wp-content\/uploads\/Bild_2_1067x800.png\"><img loading=\"lazy\" decoding=\"async\" class=\"alignleft size-medium wp-image-418\" src=\"http:\/\/karate-aargau.ch\/wp-content\/uploads\/Bild_2_1067x800-300x225.png\" alt=\"bild_2_1067x800\" width=\"300\" height=\"225\" srcset=\"http:\/\/karate-aargau.ch\/wp-content\/uploads\/Bild_2_1067x800-300x225.png 300w, http:\/\/karate-aargau.ch\/wp-content\/uploads\/Bild_2_1067x800-1024x768.png 1024w, http:\/\/karate-aargau.ch\/wp-content\/uploads\/Bild_2_1067x800.png 1067w\" sizes=\"auto, (max-width: 300px) 100vw, 300px\" \/><\/a><\/p>\n<p><a href=\"http:\/\/karate-aargau.ch\/wp-content\/uploads\/Bild_1_1067x800.png\"><img loading=\"lazy\" decoding=\"async\" class=\"alignleft size-medium wp-image-415\" src=\"http:\/\/karate-aargau.ch\/wp-content\/uploads\/Bild_1_1067x800-300x225.png\" alt=\"bild_1_1067x800\" width=\"300\" height=\"225\" srcset=\"http:\/\/karate-aargau.ch\/wp-content\/uploads\/Bild_1_1067x800-300x225.png 300w, http:\/\/karate-aargau.ch\/wp-content\/uploads\/Bild_1_1067x800-1024x768.png 1024w, http:\/\/karate-aargau.ch\/wp-content\/uploads\/Bild_1_1067x800.png 1067w\" sizes=\"auto, (max-width: 300px) 100vw, 300px\" \/><\/a><\/p>\n<p><a href=\"http:\/\/karate-aargau.ch\/wp-content\/uploads\/Bild_4_1067x800.png\"><img loading=\"lazy\" decoding=\"async\" class=\"alignleft size-medium wp-image-420\" src=\"http:\/\/karate-aargau.ch\/wp-content\/uploads\/Bild_4_1067x800-300x225.png\" alt=\"bild_4_1067x800\" width=\"300\" height=\"225\" srcset=\"http:\/\/karate-aargau.ch\/wp-content\/uploads\/Bild_4_1067x800-300x225.png 300w, http:\/\/karate-aargau.ch\/wp-content\/uploads\/Bild_4_1067x800-1024x768.png 1024w, http:\/\/karate-aargau.ch\/wp-content\/uploads\/Bild_4_1067x800.png 1067w\" sizes=\"auto, (max-width: 300px) 100vw, 300px\" \/><\/a><\/p>\n<p><a href=\"http:\/\/karate-aargau.ch\/wp-content\/uploads\/Bild_5_1067x800.png\"><img loading=\"lazy\" decoding=\"async\" class=\"alignleft size-medium wp-image-421\" src=\"http:\/\/karate-aargau.ch\/wp-content\/uploads\/Bild_5_1067x800-300x225.png\" alt=\"bild_5_1067x800\" width=\"300\" height=\"225\" srcset=\"http:\/\/karate-aargau.ch\/wp-content\/uploads\/Bild_5_1067x800-300x225.png 300w, http:\/\/karate-aargau.ch\/wp-content\/uploads\/Bild_5_1067x800-1024x768.png 1024w, http:\/\/karate-aargau.ch\/wp-content\/uploads\/Bild_5_1067x800.png 1067w\" sizes=\"auto, (max-width: 300px) 100vw, 300px\" \/><\/a><\/p>\n<p><a href=\"http:\/\/karate-aargau.ch\/wp-content\/uploads\/Bild_6_1067x800.png\"><img loading=\"lazy\" decoding=\"async\" class=\"alignleft size-medium wp-image-422\" src=\"http:\/\/karate-aargau.ch\/wp-content\/uploads\/Bild_6_1067x800-300x225.png\" alt=\"bild_6_1067x800\" width=\"300\" height=\"225\" srcset=\"http:\/\/karate-aargau.ch\/wp-content\/uploads\/Bild_6_1067x800-300x225.png 300w, http:\/\/karate-aargau.ch\/wp-content\/uploads\/Bild_6_1067x800-1024x768.png 1024w, http:\/\/karate-aargau.ch\/wp-content\/uploads\/Bild_6_1067x800.png 1067w\" sizes=\"auto, (max-width: 300px) 100vw, 300px\" \/><\/a><\/p>\n<p><a href=\"http:\/\/karate-aargau.ch\/wp-content\/uploads\/Bild_7_1067x800.png\"><img loading=\"lazy\" decoding=\"async\" class=\"alignleft size-medium wp-image-423\" src=\"http:\/\/karate-aargau.ch\/wp-content\/uploads\/Bild_7_1067x800-300x225.png\" alt=\"bild_7_1067x800\" width=\"300\" height=\"225\" srcset=\"http:\/\/karate-aargau.ch\/wp-content\/uploads\/Bild_7_1067x800-300x225.png 300w, http:\/\/karate-aargau.ch\/wp-content\/uploads\/Bild_7_1067x800-1024x768.png 1024w, http:\/\/karate-aargau.ch\/wp-content\/uploads\/Bild_7_1067x800.png 1067w\" sizes=\"auto, (max-width: 300px) 100vw, 300px\" \/><\/a><\/p>\n<p><a href=\"http:\/\/karate-aargau.ch\/wp-content\/uploads\/Bild_8_1067x800.png\"><img loading=\"lazy\" decoding=\"async\" class=\"alignleft size-medium wp-image-424\" src=\"http:\/\/karate-aargau.ch\/wp-content\/uploads\/Bild_8_1067x800-300x225.png\" alt=\"bild_8_1067x800\" width=\"300\" height=\"225\" srcset=\"http:\/\/karate-aargau.ch\/wp-content\/uploads\/Bild_8_1067x800-300x225.png 300w, http:\/\/karate-aargau.ch\/wp-content\/uploads\/Bild_8_1067x800-1024x768.png 1024w, http:\/\/karate-aargau.ch\/wp-content\/uploads\/Bild_8_1067x800.png 1067w\" sizes=\"auto, (max-width: 300px) 100vw, 300px\" \/><\/a><\/p>\n<p><a href=\"http:\/\/karate-aargau.ch\/wp-content\/uploads\/Bild_9_1067x800.png\"><img loading=\"lazy\" decoding=\"async\" class=\"alignleft size-medium wp-image-425\" src=\"http:\/\/karate-aargau.ch\/wp-content\/uploads\/Bild_9_1067x800-300x225.png\" alt=\"bild_9_1067x800\" width=\"300\" height=\"225\" srcset=\"http:\/\/karate-aargau.ch\/wp-content\/uploads\/Bild_9_1067x800-300x225.png 300w, http:\/\/karate-aargau.ch\/wp-content\/uploads\/Bild_9_1067x800-1024x768.png 1024w, http:\/\/karate-aargau.ch\/wp-content\/uploads\/Bild_9_1067x800.png 1067w\" sizes=\"auto, (max-width: 300px) 100vw, 300px\" \/><\/a><\/p>\n<p><a href=\"http:\/\/karate-aargau.ch\/wp-content\/uploads\/Schweiz_600x800.png\"><img loading=\"lazy\" decoding=\"async\" class=\"alignleft size-medium wp-image-426\" src=\"http:\/\/karate-aargau.ch\/wp-content\/uploads\/Schweiz_600x800-225x300.png\" alt=\"schweiz_600x800\" width=\"225\" height=\"300\" srcset=\"http:\/\/karate-aargau.ch\/wp-content\/uploads\/Schweiz_600x800-225x300.png 225w, http:\/\/karate-aargau.ch\/wp-content\/uploads\/Schweiz_600x800.png 600w\" sizes=\"auto, (max-width: 225px) 100vw, 225px\" \/><\/a><\/p>\n<p><a href=\"http:\/\/karate-aargau.ch\/wp-content\/uploads\/Team-Schweiz_1067x800.png\"><img loading=\"lazy\" decoding=\"async\" class=\"alignleft size-medium wp-image-427\" src=\"http:\/\/karate-aargau.ch\/wp-content\/uploads\/Team-Schweiz_1067x800-300x225.png\" alt=\"team-schweiz_1067x800\" width=\"300\" height=\"225\" srcset=\"http:\/\/karate-aargau.ch\/wp-content\/uploads\/Team-Schweiz_1067x800-300x225.png 300w, http:\/\/karate-aargau.ch\/wp-content\/uploads\/Team-Schweiz_1067x800-1024x768.png 1024w, http:\/\/karate-aargau.ch\/wp-content\/uploads\/Team-Schweiz_1067x800.png 1067w\" sizes=\"auto, (max-width: 300px) 100vw, 300px\" \/><\/a><\/p>\n","protected":false},"excerpt":{"rendered":"<p>Am 44. Wado-kai Europacup in Siggenthal (12. November) haben \u00fcber 450 Wettk\u00e4mpfer aus 21 europ\u00e4ischen Nationen des Stils Wado Ryu<\/p>\n","protected":false},"author":1,"featured_media":416,"comment_status":"closed","ping_status":"closed","sticky":false,"template":"","format":"standard","meta":{"colormag_page_container_layout":"default_layout","colormag_page_sidebar_layout":"default_layout","_lmt_disableupdate":"","_lmt_disable":"","footnotes":""},"categories":[1],"tags":[],"class_list":["post-428","post","type-post","status-publish","format-standard","has-post-thumbnail","hentry","category-uncategorized"],"modified_by":"karat3","_links":{"self":[{"href":"http:\/\/karate-aargau.ch\/akv\/wp-json\/wp\/v2\/posts\/428","targetHints":{"allow":["GET"]}}],"collection":[{"href":"http:\/\/karate-aargau.ch\/akv\/wp-json\/wp\/v2\/posts"}],"about":[{"href":"http:\/\/karate-aargau.ch\/akv\/wp-json\/wp\/v2\/types\/post"}],"author":[{"embeddable":true,"href":"http:\/\/karate-aargau.ch\/akv\/wp-json\/wp\/v2\/users\/1"}],"replies":[{"embeddable":true,"href":"http:\/\/karate-aargau.ch\/akv\/wp-json\/wp\/v2\/comments?post=428"}],"version-history":[{"count":15,"href":"http:\/\/karate-aargau.ch\/akv\/wp-json\/wp\/v2\/posts\/428\/revisions"}],"predecessor-version":[{"id":443,"href":"http:\/\/karate-aargau.ch\/akv\/wp-json\/wp\/v2\/posts\/428\/revisions\/443"}],"wp:featuredmedia":[{"embeddable":true,"href":"http:\/\/karate-aargau.ch\/akv\/wp-json\/wp\/v2\/media\/416"}],"wp:attachment":[{"href":"http:\/\/karate-aargau.ch\/akv\/wp-json\/wp\/v2\/media?parent=428"}],"wp:term":[{"taxonomy":"category","embeddable":true,"href":"http:\/\/karate-aargau.ch\/akv\/wp-json\/wp\/v2\/categories?post=428"},{"taxonomy":"post_tag","embeddable":true,"href":"http:\/\/karate-aargau.ch\/akv\/wp-json\/wp\/v2\/tags?post=428"}],"curies":[{"name":"wp","href":"https:\/\/api.w.org\/{rel}","templated":true}]}}