{"id":405,"date":"2016-10-10T14:19:36","date_gmt":"2016-10-10T12:19:36","guid":{"rendered":"http:\/\/www.karate-aargau.ch\/akv\/?p=405"},"modified":"2016-10-10T14:19:36","modified_gmt":"2016-10-10T12:19:36","slug":"karate-1-grand-winner-2016-elena-quirici","status":"publish","type":"post","link":"http:\/\/karate-aargau.ch\/akv\/uncategorized\/karate-1-grand-winner-2016-elena-quirici\/","title":{"rendered":"Karate 1 Grand Winner 2016: Elena Quirici"},"content":{"rendered":"<p>Die diesj\u00e4hrige Karate1 Premier League wurde in Okinawa (Japan) ausgetragen, in der die weltweit besten Karatekas f\u00fcr den Grand Winner Award 2016 gegeneinander antreten. Neben Karatekas aus der Ukraine oder Saudi Arabien wurde der Grand Winner-Preis 2016 auch an die Schweizer-Karateka Elena Quirici verliehen.<br \/>\nDie amtierende Europameisterin Elena Quirici (Karate Do Brugg) wurde durch ihre starken Leistungen und unz\u00e4hligen Erfolgen wurde sie als die Karateka mit bester Jahresleistung in der Kategorie -68kg gekr\u00f6nt.<\/p>\n<p>Wir als AKV gratulieren Elena f\u00fcr ihre Spitzenleistungen und w\u00fcnschen ihr viel Erfolg f\u00fcr die bevorstehende WKF-Weltmeisterschaft in Linz (\u00d6sterreich).<\/p>\n<p><a href=\"http:\/\/karate-aargau.ch\/wp-content\/uploads\/Elena-Kopie.jpg\"><img loading=\"lazy\" decoding=\"async\" class=\"alignleft size-full wp-image-408\" src=\"http:\/\/karate-aargau.ch\/wp-content\/uploads\/Elena-Kopie.jpg\" alt=\"elena-kopie\" width=\"495\" height=\"761\" srcset=\"http:\/\/karate-aargau.ch\/wp-content\/uploads\/Elena-Kopie.jpg 495w, http:\/\/karate-aargau.ch\/wp-content\/uploads\/Elena-Kopie-195x300.jpg 195w\" sizes=\"auto, (max-width: 495px) 100vw, 495px\" \/><\/a><\/p>\n<p>&nbsp;<\/p>\n<p>&nbsp;<\/p>\n<p>&nbsp;<\/p>\n<p>&nbsp;<\/p>\n<p>&nbsp;<\/p>\n<p>&nbsp;<\/p>\n<p>&nbsp;<\/p>\n<p>&nbsp;<\/p>\n<p>&nbsp;<\/p>\n<p>&nbsp;<\/p>\n<p>&nbsp;<\/p>\n<p>&nbsp;<\/p>\n<p>&nbsp;<\/p>\n<p>&nbsp;<\/p>\n<p>&nbsp;<\/p>\n<p>&nbsp;<\/p>\n<p>&nbsp;<\/p>\n<p>&nbsp;<\/p>\n<p>&nbsp;<\/p>\n<p>&nbsp;<\/p>\n<p>Bildquelle: <a href=\"http:\/\/www.karate.ch\/elena-quirici-erneut-in-der-welt-elite\/\" target=\"_blank\">http:\/\/www.karate.ch\/elena-quirici-erneut-in-der-welt-elite\/<\/a><\/p>\n","protected":false},"excerpt":{"rendered":"<p>Die diesj\u00e4hrige Karate1 Premier League wurde in Okinawa (Japan) ausgetragen, in der die weltweit besten Karatekas f\u00fcr den Grand Winner<\/p>\n","protected":false},"author":1,"featured_media":0,"comment_status":"closed","ping_status":"closed","sticky":false,"template":"","format":"standard","meta":{"colormag_page_container_layout":"default_layout","colormag_page_sidebar_layout":"default_layout","_lmt_disableupdate":"","_lmt_disable":"","footnotes":""},"categories":[1],"tags":[],"class_list":["post-405","post","type-post","status-publish","format-standard","hentry","category-uncategorized"],"modified_by":"karat3","_links":{"self":[{"href":"http:\/\/karate-aargau.ch\/akv\/wp-json\/wp\/v2\/posts\/405","targetHints":{"allow":["GET"]}}],"collection":[{"href":"http:\/\/karate-aargau.ch\/akv\/wp-json\/wp\/v2\/posts"}],"about":[{"href":"http:\/\/karate-aargau.ch\/akv\/wp-json\/wp\/v2\/types\/post"}],"author":[{"embeddable":true,"href":"http:\/\/karate-aargau.ch\/akv\/wp-json\/wp\/v2\/users\/1"}],"replies":[{"embeddable":true,"href":"http:\/\/karate-aargau.ch\/akv\/wp-json\/wp\/v2\/comments?post=405"}],"version-history":[{"count":3,"href":"http:\/\/karate-aargau.ch\/akv\/wp-json\/wp\/v2\/posts\/405\/revisions"}],"predecessor-version":[{"id":410,"href":"http:\/\/karate-aargau.ch\/akv\/wp-json\/wp\/v2\/posts\/405\/revisions\/410"}],"wp:attachment":[{"href":"http:\/\/karate-aargau.ch\/akv\/wp-json\/wp\/v2\/media?parent=405"}],"wp:term":[{"taxonomy":"category","embeddable":true,"href":"http:\/\/karate-aargau.ch\/akv\/wp-json\/wp\/v2\/categories?post=405"},{"taxonomy":"post_tag","embeddable":true,"href":"http:\/\/karate-aargau.ch\/akv\/wp-json\/wp\/v2\/tags?post=405"}],"curies":[{"name":"wp","href":"https:\/\/api.w.org\/{rel}","templated":true}]}}