{"id":399,"date":"2016-10-04T13:07:05","date_gmt":"2016-10-04T11:07:05","guid":{"rendered":"http:\/\/www.karate-aargau.ch\/akv\/?p=399"},"modified":"2016-10-04T13:07:05","modified_gmt":"2016-10-04T11:07:05","slug":"nominiert-fur-die-wahl-zur-aargauerin-des-jahres-elena-quirici","status":"publish","type":"post","link":"http:\/\/karate-aargau.ch\/akv\/uncategorized\/nominiert-fur-die-wahl-zur-aargauerin-des-jahres-elena-quirici\/","title":{"rendered":"Nominiert f\u00fcr die Wahl zur Aargauerin des Jahres: Elena Quirici"},"content":{"rendered":"<p>Die Neue Aargauer Bank verleiht dieses Jahr zum sechsten Mal den NAB-Award. Mit der Wahl zur Aargauerin oder zum Aargauer des Jahres werden Pers\u00f6nlichkeiten aus dem Kanton geehrt, die Aussergew\u00f6hnliches geleistet haben. Die J\u00fcngste unter den sieben Nominierten ist die Brugger Karateka <strong>Elena Quirici<\/strong>, die amtierende Europameisterin in der Elitekategorie -68 kg.<\/p>\n<p>Um unsere Karateka zu unterst\u00fctzen, sind alle AKV-Mitglieder herzlich eingeladen ihre Stimmen f\u00fcr Elena abzugeben.<\/p>\n<p>Auf der Homepage der NAB: <a href=\"https:\/\/www.nab-award.ch\" target=\"_blank\">https:\/\/www.nab-award.ch<\/a><\/p>\n<p>Oder im Facebook: <a href=\"https:\/\/www.facebook.com\/nabaward\" target=\"_blank\">https:\/\/www.facebook.com\/nabaward<\/a><\/p>\n<p>&nbsp;<\/p>\n<p><a href=\"http:\/\/karate-aargau.ch\/wp-content\/uploads\/Elena-Kopie-195x300.jpg\"><img loading=\"lazy\" decoding=\"async\" class=\"size-full wp-image-398 alignleft\" src=\"http:\/\/karate-aargau.ch\/wp-content\/uploads\/Elena-Kopie-195x300.jpg\" alt=\"elena-kopie-195x300\" width=\"195\" height=\"300\" \/><\/a><\/p>\n<p>&nbsp;<\/p>\n<p>&nbsp;<\/p>\n<p>&nbsp;<\/p>\n<p>&nbsp;<\/p>\n<p>&nbsp;<\/p>\n<p>&nbsp;<\/p>\n<p>&nbsp;<\/p>\n<p>&nbsp;<\/p>\n<p>Bildquelle: <a href=\"http:\/\/www.karate.ch\/elena-quirici-erneut-in-der-welt-elite\/\" target=\"_blank\">http:\/\/www.karate.ch\/elena-quirici-erneut-in-der-welt-elite\/<\/a><\/p>\n","protected":false},"excerpt":{"rendered":"<p>Die Neue Aargauer Bank verleiht dieses Jahr zum sechsten Mal den NAB-Award. Mit der Wahl zur Aargauerin oder zum Aargauer<\/p>\n","protected":false},"author":1,"featured_media":398,"comment_status":"closed","ping_status":"closed","sticky":false,"template":"","format":"standard","meta":{"colormag_page_container_layout":"default_layout","colormag_page_sidebar_layout":"default_layout","_lmt_disableupdate":"","_lmt_disable":"","footnotes":""},"categories":[1],"tags":[],"class_list":["post-399","post","type-post","status-publish","format-standard","has-post-thumbnail","hentry","category-uncategorized"],"modified_by":"karat3","_links":{"self":[{"href":"http:\/\/karate-aargau.ch\/akv\/wp-json\/wp\/v2\/posts\/399","targetHints":{"allow":["GET"]}}],"collection":[{"href":"http:\/\/karate-aargau.ch\/akv\/wp-json\/wp\/v2\/posts"}],"about":[{"href":"http:\/\/karate-aargau.ch\/akv\/wp-json\/wp\/v2\/types\/post"}],"author":[{"embeddable":true,"href":"http:\/\/karate-aargau.ch\/akv\/wp-json\/wp\/v2\/users\/1"}],"replies":[{"embeddable":true,"href":"http:\/\/karate-aargau.ch\/akv\/wp-json\/wp\/v2\/comments?post=399"}],"version-history":[{"count":5,"href":"http:\/\/karate-aargau.ch\/akv\/wp-json\/wp\/v2\/posts\/399\/revisions"}],"predecessor-version":[{"id":404,"href":"http:\/\/karate-aargau.ch\/akv\/wp-json\/wp\/v2\/posts\/399\/revisions\/404"}],"wp:featuredmedia":[{"embeddable":true,"href":"http:\/\/karate-aargau.ch\/akv\/wp-json\/wp\/v2\/media\/398"}],"wp:attachment":[{"href":"http:\/\/karate-aargau.ch\/akv\/wp-json\/wp\/v2\/media?parent=399"}],"wp:term":[{"taxonomy":"category","embeddable":true,"href":"http:\/\/karate-aargau.ch\/akv\/wp-json\/wp\/v2\/categories?post=399"},{"taxonomy":"post_tag","embeddable":true,"href":"http:\/\/karate-aargau.ch\/akv\/wp-json\/wp\/v2\/tags?post=399"}],"curies":[{"name":"wp","href":"https:\/\/api.w.org\/{rel}","templated":true}]}}