{"id":393,"date":"2016-09-26T13:56:19","date_gmt":"2016-09-26T11:56:19","guid":{"rendered":"http:\/\/www.karate-aargau.ch\/akv\/?p=393"},"modified":"2022-07-09T05:30:32","modified_gmt":"2022-07-09T03:30:32","slug":"resultate-der-14-aargauer-kantonalmeisterschaft-2016","status":"publish","type":"post","link":"http:\/\/karate-aargau.ch\/akv\/turnier\/resultate-der-14-aargauer-kantonalmeisterschaft-2016\/","title":{"rendered":"14. Aargauermeisterschaft (2016)"},"content":{"rendered":"<p><a href=\"http:\/\/karate-aargau.ch\/wp-content\/uploads\/20160924_201812.jpg\"><img loading=\"lazy\" decoding=\"async\" class=\"alignleft wp-image-391 size-medium\" src=\"http:\/\/karate-aargau.ch\/wp-content\/uploads\/20160924_201812-300x264.jpg\" alt=\"20160924_201812\" width=\"300\" height=\"264\" srcset=\"http:\/\/karate-aargau.ch\/wp-content\/uploads\/20160924_201812-300x264.jpg 300w, http:\/\/karate-aargau.ch\/wp-content\/uploads\/20160924_201812.jpg 720w\" sizes=\"auto, (max-width: 300px) 100vw, 300px\" \/><\/a><\/p>\n<p>Wir freuen uns, Euch die Resultate der Aargauer Karate Meisterschaft 2016 zu pr\u00e4sentieren. Eine grosse Zahl an Karatekas k\u00e4mpfte um die Medaillienpl\u00e4tze in den verschiedenen Kategorien mit insgesamt 226 Nennungen. Es wurden Pl\u00e4tze in 16 verschiedenen Kumite Kategorien und 19 verschiedenen Kata Kategorien geehrt.<br \/>\nWir danken allen Teilnehmern, Helfern und den diesj\u00e4hrigen Organisatoren Z\u00fcbeyir Sahin und Valentino Di Lascia f\u00fcr diese tolle Meisterschaft.<\/p>\n<p>Hier findet ihr die Ergebnisliste der Aargauer Meisterschaften 2016:<br \/>\n<a href=\"http:\/\/karate-aargau.ch\/wp-content\/uploads\/Alles-Ergebnisliste.pdf\">Resultate AKM 2016<\/a><\/p>\n<p>Hier findet ihr den <a href=\"https:\/\/www.sportdata.org\/karate\/set-online\/popup_main.php?popup_action=medals&amp;vernr=2687&amp;active_menu=calendar\" target=\"_blank\" rel=\"noopener noreferrer\">Medaillienspiegel<\/a>:<\/p>\n","protected":false},"excerpt":{"rendered":"<p>Wir freuen uns, Euch die Resultate der Aargauer Karate Meisterschaft 2016 zu pr\u00e4sentieren. Eine grosse Zahl an Karatekas k\u00e4mpfte um<\/p>\n","protected":false},"author":1,"featured_media":1460,"comment_status":"closed","ping_status":"closed","sticky":false,"template":"","format":"standard","meta":{"colormag_page_container_layout":"no_sidebar_full_width","colormag_page_sidebar_layout":"no_sidebar","_lmt_disableupdate":"no","_lmt_disable":"","footnotes":""},"categories":[4],"tags":[],"class_list":["post-393","post","type-post","status-publish","format-standard","has-post-thumbnail","hentry","category-turnier"],"modified_by":"karat3","_links":{"self":[{"href":"http:\/\/karate-aargau.ch\/akv\/wp-json\/wp\/v2\/posts\/393","targetHints":{"allow":["GET"]}}],"collection":[{"href":"http:\/\/karate-aargau.ch\/akv\/wp-json\/wp\/v2\/posts"}],"about":[{"href":"http:\/\/karate-aargau.ch\/akv\/wp-json\/wp\/v2\/types\/post"}],"author":[{"embeddable":true,"href":"http:\/\/karate-aargau.ch\/akv\/wp-json\/wp\/v2\/users\/1"}],"replies":[{"embeddable":true,"href":"http:\/\/karate-aargau.ch\/akv\/wp-json\/wp\/v2\/comments?post=393"}],"version-history":[{"count":6,"href":"http:\/\/karate-aargau.ch\/akv\/wp-json\/wp\/v2\/posts\/393\/revisions"}],"predecessor-version":[{"id":1146,"href":"http:\/\/karate-aargau.ch\/akv\/wp-json\/wp\/v2\/posts\/393\/revisions\/1146"}],"wp:featuredmedia":[{"embeddable":true,"href":"http:\/\/karate-aargau.ch\/akv\/wp-json\/wp\/v2\/media\/1460"}],"wp:attachment":[{"href":"http:\/\/karate-aargau.ch\/akv\/wp-json\/wp\/v2\/media?parent=393"}],"wp:term":[{"taxonomy":"category","embeddable":true,"href":"http:\/\/karate-aargau.ch\/akv\/wp-json\/wp\/v2\/categories?post=393"},{"taxonomy":"post_tag","embeddable":true,"href":"http:\/\/karate-aargau.ch\/akv\/wp-json\/wp\/v2\/tags?post=393"}],"curies":[{"name":"wp","href":"https:\/\/api.w.org\/{rel}","templated":true}]}}