{"id":362,"date":"2016-06-15T01:39:57","date_gmt":"2016-06-14T23:39:57","guid":{"rendered":"http:\/\/www.karate-aargau.ch\/akv\/?p=362"},"modified":"2016-06-15T01:39:57","modified_gmt":"2016-06-14T23:39:57","slug":"44th-european-wado-kai-championship-in-siggenthal","status":"publish","type":"post","link":"http:\/\/karate-aargau.ch\/akv\/uncategorized\/44th-european-wado-kai-championship-in-siggenthal\/","title":{"rendered":"44th European Wado Kai Championship in Siggenthal"},"content":{"rendered":"<p>Am 12. November 2016 treffen sich die besten Karatek\u00e4mpfer f\u00fcr die 44. Wado Kai Europameisterschaft in Siggenthal in der Sportarena GoEasy.<\/p>\n<p>An diesem Grossanlass werden \u00fcber 500 Wettk\u00e4mpfer aus \u00fcber 20 europ\u00e4ischen Nationen des Stils Wado Ryu teilnehmen, darunter auch die besten Wadokai K\u00e4mpfer aus der Schweiz und insbesondere aus dem Kanton Aargau und aus der Region Brugg.<\/p>\n<p>Folgende Brugger Karatekas sind mit dabei:<\/p>\n<p><span style=\"color: #3366ff;\"><strong>Elena Quirici<\/strong> <\/span>Europameisterin EKF Elite 2016<br \/>\n(7-fache EM\/WM Medaillengewinnerin)<\/p>\n<p><span style=\"color: #3366ff;\"><strong>Luca Spitz<\/strong> <\/span>Europameister U16\/ 2015,<br \/>\nWM Bronze Allstyle U18\/ 2015,<br \/>\nEM Bronze Allstyle U18\/ 2016<\/p>\n<p><span style=\"color: #3366ff;\"><strong>Maya Sch\u00e4rer<\/strong> <\/span>Vize Europameisterin Allstyle U18\/ 2016<\/p>\n<p><span style=\"color: #3366ff;\"><strong>Luca Rohner<\/strong> <\/span>Swiss Karate Allstyle Nationalteam,<br \/>\nmehrfacher Medaillengewinner an int. Anl\u00e4ssen<\/p>\n<p><span style=\"color: #3366ff;\"><strong>Dielza Ulluri<\/strong> <\/span>Swiss Karate Allstyle Nationalteam,<br \/>\nmehrfache Medaillengewinnerin an int. Anl\u00e4ssen<\/p>\n<p><span style=\"color: #3366ff;\"><strong>Silvia Hirt<\/strong> <\/span>Swiss Karat e Allstyle Nationalteam,<br \/>\nmehrfache Medaillengewinnerin an int. Anl\u00e4ssen<\/p>\n<p><span style=\"color: #3366ff;\"><strong>Anna Hirt<\/strong> <\/span>Swiss Karate Allstyle Nationalteam,<br \/>\nmehrfache Medaillengewinnerin an int. Anl\u00e4ssen<\/p>\n<p><span style=\"color: #3366ff;\"><strong>Kim Schratter<\/strong> <\/span>Swiss Karate Allstyle Nationalteam,<br \/>\nmehrfache Medaillengewinnerin an int. Anl\u00e4ssen<\/p>\n<p><span style=\"color: #3366ff;\"><strong>Tim Scheurer<\/strong> <\/span>Swiss Karate Allstyle Nationalteam,<br \/>\nmehrfacher Medaillengewinner an int. Anl\u00e4ssen<\/p>\n<p>Die Veranstaltung steht unter dem Patronat der Swiss Karate Federation (SKF) und dem aargauischen Karateverband (AKV). Viele begeisterte Freiwillige aus dem Karateumfeld helfen mit, damit dieser Anlass ein Erfolg wird.<br \/>\nEin solcher Grossanlass im Bereich des Karatesports l\u00e4sst sich nur mit Unterst\u00fctzung und in Zusammenarbeit mit Sponsoren und Partnern durchf\u00fchren. F\u00fcr weitere Informationen \u00fcber das Sponsoring: (<a href=\"http:\/\/karate-aargau.ch\/wp-content\/uploads\/Sponsorenbrief-EC-2016.pdf\">Sponsorenbrief EC 2016<\/a>)<\/p>\n","protected":false},"excerpt":{"rendered":"<p>Am 12. November 2016 treffen sich die besten Karatek\u00e4mpfer f\u00fcr die 44. Wado Kai Europameisterschaft in Siggenthal in der Sportarena<\/p>\n","protected":false},"author":1,"featured_media":0,"comment_status":"closed","ping_status":"closed","sticky":false,"template":"","format":"standard","meta":{"colormag_page_container_layout":"default_layout","colormag_page_sidebar_layout":"default_layout","_lmt_disableupdate":"","_lmt_disable":"","footnotes":""},"categories":[1],"tags":[],"class_list":["post-362","post","type-post","status-publish","format-standard","hentry","category-uncategorized"],"modified_by":"karat3","_links":{"self":[{"href":"http:\/\/karate-aargau.ch\/akv\/wp-json\/wp\/v2\/posts\/362","targetHints":{"allow":["GET"]}}],"collection":[{"href":"http:\/\/karate-aargau.ch\/akv\/wp-json\/wp\/v2\/posts"}],"about":[{"href":"http:\/\/karate-aargau.ch\/akv\/wp-json\/wp\/v2\/types\/post"}],"author":[{"embeddable":true,"href":"http:\/\/karate-aargau.ch\/akv\/wp-json\/wp\/v2\/users\/1"}],"replies":[{"embeddable":true,"href":"http:\/\/karate-aargau.ch\/akv\/wp-json\/wp\/v2\/comments?post=362"}],"version-history":[{"count":5,"href":"http:\/\/karate-aargau.ch\/akv\/wp-json\/wp\/v2\/posts\/362\/revisions"}],"predecessor-version":[{"id":367,"href":"http:\/\/karate-aargau.ch\/akv\/wp-json\/wp\/v2\/posts\/362\/revisions\/367"}],"wp:attachment":[{"href":"http:\/\/karate-aargau.ch\/akv\/wp-json\/wp\/v2\/media?parent=362"}],"wp:term":[{"taxonomy":"category","embeddable":true,"href":"http:\/\/karate-aargau.ch\/akv\/wp-json\/wp\/v2\/categories?post=362"},{"taxonomy":"post_tag","embeddable":true,"href":"http:\/\/karate-aargau.ch\/akv\/wp-json\/wp\/v2\/tags?post=362"}],"curies":[{"name":"wp","href":"https:\/\/api.w.org\/{rel}","templated":true}]}}