{"id":325,"date":"2016-05-11T04:30:41","date_gmt":"2016-05-11T02:30:41","guid":{"rendered":"http:\/\/www.karate-aargau.ch\/akv\/?p=325"},"modified":"2016-05-11T04:31:07","modified_gmt":"2016-05-11T02:31:07","slug":"elena-quirici-uberragende-europameisterin-2016","status":"publish","type":"post","link":"http:\/\/karate-aargau.ch\/akv\/uncategorized\/elena-quirici-uberragende-europameisterin-2016\/","title":{"rendered":"Elena Quirici \u00fcberragende Europameisterin 2016"},"content":{"rendered":"<p><span style=\"color: #000000; font-family: Calibri;\">Elena Quirici feiert ihren bislang gr\u00f6ssten Erfolg. <\/span><\/p>\n<p><span style=\"color: #000000; font-family: Calibri;\">Nach dem 3. Rang an der WM in Paris 2012 und dem 2. Rang an der EM in Istanbul 2015 gewann Elena am vergangenen Wochenende den Europameistertitel in der Kategorie -68 <\/span><a name=\"_GoBack\"><\/a><span style=\"color: #000000; font-family: Calibri;\">kg. <\/span><\/p>\n<p><span style=\"color: #000000; font-family: Calibri;\">Als erste SKF-Athletin gewann Elena Quirici alle drei Titel der European Karate Federation: Junioren 2012, U21 2013 und jetzt in Montpellier Gold in der Elitekategorie -68 kg mit einem 2:0 Endstand. Im Finale bezwang sie die Vorjahressiegerin Alisa Buchinger aus \u00d6sterreich.<\/span><\/p>\n<p><span style=\"color: #000000; font-family: Calibri;\">Quirici dominierte das Finale von A-Z. Aggressiv, dynamisch-schnell, hoch konzentriert und unerbittlich in Angriff und Konter. Man sp\u00fcrte es bis auf die Trib\u00fcne. Die K\u00e4mpferin von Karate-do Brugg wollte unbedingt diesen Sieg, den sie sich regelrecht verdient hatte. Sie z\u00e4hlt damit zum engeren Favoritenkreis f\u00fcr die im Oktober in Linz stattfindende Weltmeisterschaft. <\/span><\/p>\n<p><span style=\"color: #000000; font-family: Calibri;\">Wir gratulieren Elena herzlich f\u00fcr die super Leistungen und sind stolz darauf, einen solchen talentierten Karateka haben zu d\u00fcrfen. Wir w\u00fcnschen ihr weiterhin viel Erfolg und freuen uns auf weitere Siege!<\/span><\/p>\n<p>&nbsp;<\/p>\n<p><a href=\"http:\/\/karate-aargau.ch\/wp-content\/uploads\/Elena_MP1_2016.jpg\"><img loading=\"lazy\" decoding=\"async\" class=\"aligncenter wp-image-324\" src=\"http:\/\/karate-aargau.ch\/wp-content\/uploads\/Elena_MP1_2016-300x277.jpg\" alt=\"Elena_MP1_2016\" width=\"784\" height=\"724\" srcset=\"http:\/\/karate-aargau.ch\/wp-content\/uploads\/Elena_MP1_2016-300x277.jpg 300w, http:\/\/karate-aargau.ch\/wp-content\/uploads\/Elena_MP1_2016-1024x946.jpg 1024w, http:\/\/karate-aargau.ch\/wp-content\/uploads\/Elena_MP1_2016.jpg 1200w\" sizes=\"auto, (max-width: 784px) 100vw, 784px\" \/><\/a><\/p>\n","protected":false},"excerpt":{"rendered":"<p>Elena Quirici feiert ihren bislang gr\u00f6ssten Erfolg. Nach dem 3. Rang an der WM in Paris 2012 und dem 2.<\/p>\n","protected":false},"author":1,"featured_media":324,"comment_status":"closed","ping_status":"closed","sticky":false,"template":"","format":"standard","meta":{"colormag_page_container_layout":"default_layout","colormag_page_sidebar_layout":"default_layout","_lmt_disableupdate":"","_lmt_disable":"","footnotes":""},"categories":[1],"tags":[],"class_list":["post-325","post","type-post","status-publish","format-standard","has-post-thumbnail","hentry","category-uncategorized"],"modified_by":"karat3","_links":{"self":[{"href":"http:\/\/karate-aargau.ch\/akv\/wp-json\/wp\/v2\/posts\/325","targetHints":{"allow":["GET"]}}],"collection":[{"href":"http:\/\/karate-aargau.ch\/akv\/wp-json\/wp\/v2\/posts"}],"about":[{"href":"http:\/\/karate-aargau.ch\/akv\/wp-json\/wp\/v2\/types\/post"}],"author":[{"embeddable":true,"href":"http:\/\/karate-aargau.ch\/akv\/wp-json\/wp\/v2\/users\/1"}],"replies":[{"embeddable":true,"href":"http:\/\/karate-aargau.ch\/akv\/wp-json\/wp\/v2\/comments?post=325"}],"version-history":[{"count":1,"href":"http:\/\/karate-aargau.ch\/akv\/wp-json\/wp\/v2\/posts\/325\/revisions"}],"predecessor-version":[{"id":326,"href":"http:\/\/karate-aargau.ch\/akv\/wp-json\/wp\/v2\/posts\/325\/revisions\/326"}],"wp:featuredmedia":[{"embeddable":true,"href":"http:\/\/karate-aargau.ch\/akv\/wp-json\/wp\/v2\/media\/324"}],"wp:attachment":[{"href":"http:\/\/karate-aargau.ch\/akv\/wp-json\/wp\/v2\/media?parent=325"}],"wp:term":[{"taxonomy":"category","embeddable":true,"href":"http:\/\/karate-aargau.ch\/akv\/wp-json\/wp\/v2\/categories?post=325"},{"taxonomy":"post_tag","embeddable":true,"href":"http:\/\/karate-aargau.ch\/akv\/wp-json\/wp\/v2\/tags?post=325"}],"curies":[{"name":"wp","href":"https:\/\/api.w.org\/{rel}","templated":true}]}}