{"id":257,"date":"2016-03-08T03:23:46","date_gmt":"2016-03-08T02:23:46","guid":{"rendered":"http:\/\/www.karate-aargau.ch\/akv\/?p=257"},"modified":"2016-03-08T16:54:19","modified_gmt":"2016-03-08T15:54:19","slug":"aargauer-sportgala-2016","status":"publish","type":"post","link":"http:\/\/karate-aargau.ch\/akv\/uncategorized\/aargauer-sportgala-2016\/","title":{"rendered":"Aargauer Sportgala 2016"},"content":{"rendered":"<p><a href=\"http:\/\/karate-aargau.ch\/wp-content\/uploads\/Elena_Sportgala_2016.jpg\"><img loading=\"lazy\" decoding=\"async\" class=\"alignleft size-medium wp-image-259\" src=\"http:\/\/karate-aargau.ch\/wp-content\/uploads\/Elena_Sportgala_2016-225x300.jpg\" alt=\"Elena_Sportgala_2016\" width=\"225\" height=\"300\" srcset=\"http:\/\/karate-aargau.ch\/wp-content\/uploads\/Elena_Sportgala_2016-225x300.jpg 225w, http:\/\/karate-aargau.ch\/wp-content\/uploads\/Elena_Sportgala_2016-768x1024.jpg 768w, http:\/\/karate-aargau.ch\/wp-content\/uploads\/Elena_Sportgala_2016.jpg 1600w\" sizes=\"auto, (max-width: 225px) 100vw, 225px\" \/><\/a><\/p>\n<p><strong>Elena Quirici<\/strong> konnte am 4. M\u00e4rz 2016 als erste Karateka an der Aargauer Sportgala in der GoEasy Halle in Siggenthal eine Ehrung f\u00fcr ihre sportlichen Erfolge im Jahre 2015 von Grossratspr\u00e4sident Marco Hardmeier im Beisein von 450 G\u00e4sten entgegennehmen.<\/p>\n<p>Weitere Informationen und Bilder(Bild 13 von 14 zeigt Elena mit Christian Koch):<br \/>\n<a href=\"http:\/\/www.aargauerzeitung.ch\/sport\/aargau\/der-athlet-aus-dem-eiskanal-erobert-die-herzen-der-gala-gaeste-130111790\" target=\"_blank\">http:\/\/www.aargauerzeitung.ch\/sport\/aargau\/der-athlet-aus-dem-eiskanal-erobert-die-herzen-der-gala-gaeste-130111790<\/a><\/p>\n<p>&nbsp;<\/p>\n<p>&nbsp;<\/p>\n<p>&nbsp;<\/p>\n<p>&nbsp;<\/p>\n<p>Foto: Elena mit dem Moderator Jann Billeter<\/p>\n","protected":false},"excerpt":{"rendered":"<p>Elena Quirici konnte am 4. M\u00e4rz 2016 als erste Karateka an der Aargauer Sportgala in der GoEasy Halle in Siggenthal<\/p>\n","protected":false},"author":1,"featured_media":259,"comment_status":"closed","ping_status":"closed","sticky":false,"template":"","format":"standard","meta":{"colormag_page_container_layout":"default_layout","colormag_page_sidebar_layout":"default_layout","_lmt_disableupdate":"","_lmt_disable":"","footnotes":""},"categories":[1],"tags":[],"class_list":["post-257","post","type-post","status-publish","format-standard","has-post-thumbnail","hentry","category-uncategorized"],"modified_by":"karat3","_links":{"self":[{"href":"http:\/\/karate-aargau.ch\/akv\/wp-json\/wp\/v2\/posts\/257","targetHints":{"allow":["GET"]}}],"collection":[{"href":"http:\/\/karate-aargau.ch\/akv\/wp-json\/wp\/v2\/posts"}],"about":[{"href":"http:\/\/karate-aargau.ch\/akv\/wp-json\/wp\/v2\/types\/post"}],"author":[{"embeddable":true,"href":"http:\/\/karate-aargau.ch\/akv\/wp-json\/wp\/v2\/users\/1"}],"replies":[{"embeddable":true,"href":"http:\/\/karate-aargau.ch\/akv\/wp-json\/wp\/v2\/comments?post=257"}],"version-history":[{"count":3,"href":"http:\/\/karate-aargau.ch\/akv\/wp-json\/wp\/v2\/posts\/257\/revisions"}],"predecessor-version":[{"id":261,"href":"http:\/\/karate-aargau.ch\/akv\/wp-json\/wp\/v2\/posts\/257\/revisions\/261"}],"wp:featuredmedia":[{"embeddable":true,"href":"http:\/\/karate-aargau.ch\/akv\/wp-json\/wp\/v2\/media\/259"}],"wp:attachment":[{"href":"http:\/\/karate-aargau.ch\/akv\/wp-json\/wp\/v2\/media?parent=257"}],"wp:term":[{"taxonomy":"category","embeddable":true,"href":"http:\/\/karate-aargau.ch\/akv\/wp-json\/wp\/v2\/categories?post=257"},{"taxonomy":"post_tag","embeddable":true,"href":"http:\/\/karate-aargau.ch\/akv\/wp-json\/wp\/v2\/tags?post=257"}],"curies":[{"name":"wp","href":"https:\/\/api.w.org\/{rel}","templated":true}]}}