{"id":181,"date":"2014-09-18T16:28:17","date_gmt":"2014-09-18T14:28:17","guid":{"rendered":"http:\/\/www.karate-aargau.ch\/akv\/?p=181"},"modified":"2022-07-09T05:31:55","modified_gmt":"2022-07-09T03:31:55","slug":"resultate-der-aargauer-meisterschaft-2014","status":"publish","type":"post","link":"http:\/\/karate-aargau.ch\/akv\/turnier\/resultate-der-aargauer-meisterschaft-2014\/","title":{"rendered":"12. Aargauermeisterschaft (2014)"},"content":{"rendered":"<p>Wir freuen uns, Euch die Resultate der Aargauer Karate Meisterschaft 2014 zu pr\u00e4sentieren. Das Turnier wurde in der Mehrzweckhalle Nussbaumen durchgef\u00fchrt. Eine grosse Zahl an Kindern, jugendlichen und erwachsenen Karatekas k\u00e4mpfte um die Medallienpl\u00e4tze in den verschiedenen Kategorien.<\/p>\n<p>Hier findet ihr die Resultate der Aargauer Meisterschaften 2014:\u00a0<a href=\"http:\/\/karate-aargau.ch\/wp-content\/uploads\/AKV_AM_Siegerehrungen_2014.pdf\">AKV_AM_Siegerehrungen_2014<\/a><\/p>\n<p>Hier findet ihr den Medallienspiegel:\u00a0<a href=\"http:\/\/karate-aargau.ch\/wp-content\/uploads\/AKV_AM_Medailenspiegel_2014.pdf\">AKV_AM_Medailenspiegel_2014<\/a><\/p>\n","protected":false},"excerpt":{"rendered":"<p>Wir freuen uns, Euch die Resultate der Aargauer Karate Meisterschaft 2014 zu pr\u00e4sentieren. Das Turnier wurde in der Mehrzweckhalle Nussbaumen<\/p>\n","protected":false},"author":1,"featured_media":1462,"comment_status":"closed","ping_status":"closed","sticky":false,"template":"","format":"standard","meta":{"colormag_page_container_layout":"no_sidebar_full_width","colormag_page_sidebar_layout":"no_sidebar","_lmt_disableupdate":"no","_lmt_disable":"","footnotes":""},"categories":[4],"tags":[],"class_list":["post-181","post","type-post","status-publish","format-standard","has-post-thumbnail","hentry","category-turnier"],"modified_by":"karat3","_links":{"self":[{"href":"http:\/\/karate-aargau.ch\/akv\/wp-json\/wp\/v2\/posts\/181","targetHints":{"allow":["GET"]}}],"collection":[{"href":"http:\/\/karate-aargau.ch\/akv\/wp-json\/wp\/v2\/posts"}],"about":[{"href":"http:\/\/karate-aargau.ch\/akv\/wp-json\/wp\/v2\/types\/post"}],"author":[{"embeddable":true,"href":"http:\/\/karate-aargau.ch\/akv\/wp-json\/wp\/v2\/users\/1"}],"replies":[{"embeddable":true,"href":"http:\/\/karate-aargau.ch\/akv\/wp-json\/wp\/v2\/comments?post=181"}],"version-history":[{"count":3,"href":"http:\/\/karate-aargau.ch\/akv\/wp-json\/wp\/v2\/posts\/181\/revisions"}],"predecessor-version":[{"id":1132,"href":"http:\/\/karate-aargau.ch\/akv\/wp-json\/wp\/v2\/posts\/181\/revisions\/1132"}],"wp:featuredmedia":[{"embeddable":true,"href":"http:\/\/karate-aargau.ch\/akv\/wp-json\/wp\/v2\/media\/1462"}],"wp:attachment":[{"href":"http:\/\/karate-aargau.ch\/akv\/wp-json\/wp\/v2\/media?parent=181"}],"wp:term":[{"taxonomy":"category","embeddable":true,"href":"http:\/\/karate-aargau.ch\/akv\/wp-json\/wp\/v2\/categories?post=181"},{"taxonomy":"post_tag","embeddable":true,"href":"http:\/\/karate-aargau.ch\/akv\/wp-json\/wp\/v2\/tags?post=181"}],"curies":[{"name":"wp","href":"https:\/\/api.w.org\/{rel}","templated":true}]}}