{"id":1286,"date":"2021-11-30T03:05:22","date_gmt":"2021-11-30T02:05:22","guid":{"rendered":"http:\/\/www.karate-aargau.ch\/akv\/?p=1286"},"modified":"2022-07-09T05:15:40","modified_gmt":"2022-07-09T03:15:40","slug":"spezialtraining-mit-elena","status":"publish","type":"post","link":"http:\/\/karate-aargau.ch\/akv\/uncategorized\/spezialtraining-mit-elena\/","title":{"rendered":"AKV Spezial-training mit Elena"},"content":{"rendered":"<p>Am Samstag, 11. Dezember 2021, findet das n\u00e4chste Spezialtraining des AKV statt. Diesmal haben wir als Special Guest Elena Quirici eingeladen. Sie ist derzeit die erfolgreichste Karateka der Schweiz und wir freuen uns sehr, dass wir der Aargauer Sportlerin des Jahres 2019 gemeinsam ein Training durchf\u00fchren d\u00fcrfen.<\/p>\n<p><strong>Das Training findet am Samstag, 11. Dezember 2021 von 14:00 Uhr bis ca. 17:30 Uhr in der Sporthalle Lindenboden in Eiken statt.<\/strong><\/p>\n<p>Das Training fokussiert auf Kumite und ist offen f\u00fcr alle Mitglieder des AKV in allen Alters- und Leistungsklassen. Elena wird nicht nur das Kumitetraining absolvieren, sondern steht anschliessend auch noch f\u00fcr eine Frage- und Autogrammstunde zur Verf\u00fcgung.<\/p>\n<p>Bitte beachten:<\/p>\n<ul>\n<li>Der Anlass wird mit Zertifikatspflicht durchgef\u00fchrt. Zutritt f\u00fcr Personen ab 16 Jahren nur mit g\u00fcltigem Zertifikat und Ausweis. Personen ab 12 Jahren bitte einen Ausweis mitbringen (Altersnachweis)<\/li>\n<li>Das Training ist f\u00fcr die Teilnehmer kostenlos.<\/li>\n<\/ul>\n<p style=\"text-align: left;\">Elena und der Vorstand freuen uns auf viele Teilnehmer aller Alters- und Leistungsklassen.<\/p>\n<table style=\"border-collapse: collapse; width: 70.7879%; height: 25px;\">\n<tbody>\n<tr style=\"height: 25px;\">\n<td style=\"width: 42.4658%; height: 25px;\"><img loading=\"lazy\" decoding=\"async\" class=\"size-full wp-image-1298 alignright\" src=\"http:\/\/karate-aargau.ch\/wp-content\/uploads\/pdf_Icon-48x48-1.png\" alt=\"\" width=\"48\" height=\"48\" \/><\/td>\n<td style=\"width: 28.3221%; height: 25px;\"><a href=\"http:\/\/karate-aargau.ch\/wp-content\/uploads\/29112021_Spezialtraining-mit-Elena-2021.pdf\" target=\"_blank\" rel=\"noopener\">Flyer zum Downloaden <\/a><\/td>\n<\/tr>\n<\/tbody>\n<\/table>\n<p><img loading=\"lazy\" decoding=\"async\" class=\"aligncenter wp-image-1290\" src=\"http:\/\/karate-aargau.ch\/wp-content\/uploads\/flyer-300x168.png\" alt=\"\" width=\"480\" height=\"270\" srcset=\"http:\/\/karate-aargau.ch\/wp-content\/uploads\/flyer-300x168.png 300w, http:\/\/karate-aargau.ch\/wp-content\/uploads\/flyer-1024x575.png 1024w, http:\/\/karate-aargau.ch\/wp-content\/uploads\/flyer-768x431.png 768w, http:\/\/karate-aargau.ch\/wp-content\/uploads\/flyer.png 1129w\" sizes=\"auto, (max-width: 480px) 100vw, 480px\" \/><\/p>\n","protected":false},"excerpt":{"rendered":"<p>Am Samstag, 11. Dezember 2021, findet das n\u00e4chste Spezialtraining des AKV statt. Diesmal haben wir als Special Guest Elena Quirici<\/p>\n","protected":false},"author":1,"featured_media":1285,"comment_status":"closed","ping_status":"closed","sticky":false,"template":"","format":"standard","meta":{"colormag_page_container_layout":"no_sidebar_full_width","colormag_page_sidebar_layout":"no_sidebar","_lmt_disableupdate":"no","_lmt_disable":"","footnotes":""},"categories":[1],"tags":[],"class_list":["post-1286","post","type-post","status-publish","format-standard","has-post-thumbnail","hentry","category-uncategorized"],"modified_by":"karat3","_links":{"self":[{"href":"http:\/\/karate-aargau.ch\/akv\/wp-json\/wp\/v2\/posts\/1286","targetHints":{"allow":["GET"]}}],"collection":[{"href":"http:\/\/karate-aargau.ch\/akv\/wp-json\/wp\/v2\/posts"}],"about":[{"href":"http:\/\/karate-aargau.ch\/akv\/wp-json\/wp\/v2\/types\/post"}],"author":[{"embeddable":true,"href":"http:\/\/karate-aargau.ch\/akv\/wp-json\/wp\/v2\/users\/1"}],"replies":[{"embeddable":true,"href":"http:\/\/karate-aargau.ch\/akv\/wp-json\/wp\/v2\/comments?post=1286"}],"version-history":[{"count":10,"href":"http:\/\/karate-aargau.ch\/akv\/wp-json\/wp\/v2\/posts\/1286\/revisions"}],"predecessor-version":[{"id":1299,"href":"http:\/\/karate-aargau.ch\/akv\/wp-json\/wp\/v2\/posts\/1286\/revisions\/1299"}],"wp:featuredmedia":[{"embeddable":true,"href":"http:\/\/karate-aargau.ch\/akv\/wp-json\/wp\/v2\/media\/1285"}],"wp:attachment":[{"href":"http:\/\/karate-aargau.ch\/akv\/wp-json\/wp\/v2\/media?parent=1286"}],"wp:term":[{"taxonomy":"category","embeddable":true,"href":"http:\/\/karate-aargau.ch\/akv\/wp-json\/wp\/v2\/categories?post=1286"},{"taxonomy":"post_tag","embeddable":true,"href":"http:\/\/karate-aargau.ch\/akv\/wp-json\/wp\/v2\/tags?post=1286"}],"curies":[{"name":"wp","href":"https:\/\/api.w.org\/{rel}","templated":true}]}}