{"id":1268,"date":"2021-09-15T03:19:10","date_gmt":"2021-09-15T01:19:10","guid":{"rendered":"http:\/\/www.karate-aargau.ch\/akv\/?p=1268"},"modified":"2022-07-09T05:16:12","modified_gmt":"2022-07-09T03:16:12","slug":"akv-spezial-training-mit-bahattin-kandaz","status":"publish","type":"post","link":"http:\/\/karate-aargau.ch\/akv\/uncategorized\/akv-spezial-training-mit-bahattin-kandaz\/","title":{"rendered":"AKV Spezial-Training mit Bahattin Kandaz"},"content":{"rendered":"<p>Am <span style=\"color: #0000ff;\"><strong>18. September 2021<\/strong><\/span> findet das AKV Spezialtraining mit Bahattin Kandaz statt.<\/p>\n<p><strong>Samstag, 18. September 2021, 1400 bis 1600 Uhr<br \/>\nTurnhalle Juch in Magden<\/strong><\/p>\n<p>Geleitet wird das Training durch Bahattin Sensei. Er tr\u00e4gt nicht nur den 6. Dan, sondern war fr\u00fcher selber aktiver Karate-Wettk\u00e4mpfer auf internationalem Niveau: Er wurde 1992 WKF-Vizeweltmeister WKF und 1996 sowie 2001 EKF-Vizeeuropameister EKF. Er ist international einer der besten Trainer und Coaches. In den vergangenen Jahren hat er viele Karate-Wettk\u00e4mpfer aus seiner Heimat (T\u00fcrkei) und anderen L\u00e4ndern an die absolute Weltspitze gebracht. Bahattin Kandaz ist regelm\u00e4ssig bei verschiedenen Nationalteams als Trainer eingesetzt worden. Zuletzt hat er die Nationalmannschaft von Azerbaijan auf die Olympia-Qualifikation vorbereitet. Aktuell ist er als Nationalcoach SSKF t\u00e4tig.<\/p>\n<p>Es d\u00fcrfen alle Mitglieder vom AKV teilnehmen (alle Altersklassen, alle Gurte). Das Training ist f\u00fcr AKV-Mitglieder kostenlos. Nachstehend ein Infoflyer f\u00fcr die Verteilung in den Dojos<\/p>\n<p>Wir dankem der TK AKV (Sahin Sensei, Valentino Sensei, Andrea Sensei) herzlich f\u00fcr die Vorbereitung und Durchf\u00fchrung des Trainings. Besten Dank an Marijana Sensei f\u00fcr das Gastrecht in Magen.<br \/>\nWir freuen uns, Euch am 18. September in Maiden begr\u00fcssen zu d\u00fcrfen.<\/p>\n<p><a href=\"http:\/\/karate-aargau.ch\/wp-content\/uploads\/AKV-Spezialtraining-Magden-Schutzkonzept.pdf\" target=\"_blank\" rel=\"noopener\">Corona &#8211; Schutzkonzept<\/a><\/p>\n<p><a href=\"http:\/\/karate-aargau.ch\/wp-content\/uploads\/AKV_Verbandstraining_2021.pdf\">Flyer Veranstaltung<\/a><\/p>\n","protected":false},"excerpt":{"rendered":"<p>Am 18. September 2021 findet das AKV Spezialtraining mit Bahattin Kandaz statt. Samstag, 18. September 2021, 1400 bis 1600 Uhr<\/p>\n","protected":false},"author":1,"featured_media":1270,"comment_status":"closed","ping_status":"closed","sticky":false,"template":"","format":"standard","meta":{"colormag_page_container_layout":"no_sidebar_full_width","colormag_page_sidebar_layout":"no_sidebar","_lmt_disableupdate":"no","_lmt_disable":"","footnotes":""},"categories":[1],"tags":[],"class_list":["post-1268","post","type-post","status-publish","format-standard","has-post-thumbnail","hentry","category-uncategorized"],"modified_by":"karat3","_links":{"self":[{"href":"http:\/\/karate-aargau.ch\/akv\/wp-json\/wp\/v2\/posts\/1268","targetHints":{"allow":["GET"]}}],"collection":[{"href":"http:\/\/karate-aargau.ch\/akv\/wp-json\/wp\/v2\/posts"}],"about":[{"href":"http:\/\/karate-aargau.ch\/akv\/wp-json\/wp\/v2\/types\/post"}],"author":[{"embeddable":true,"href":"http:\/\/karate-aargau.ch\/akv\/wp-json\/wp\/v2\/users\/1"}],"replies":[{"embeddable":true,"href":"http:\/\/karate-aargau.ch\/akv\/wp-json\/wp\/v2\/comments?post=1268"}],"version-history":[{"count":2,"href":"http:\/\/karate-aargau.ch\/akv\/wp-json\/wp\/v2\/posts\/1268\/revisions"}],"predecessor-version":[{"id":1271,"href":"http:\/\/karate-aargau.ch\/akv\/wp-json\/wp\/v2\/posts\/1268\/revisions\/1271"}],"wp:featuredmedia":[{"embeddable":true,"href":"http:\/\/karate-aargau.ch\/akv\/wp-json\/wp\/v2\/media\/1270"}],"wp:attachment":[{"href":"http:\/\/karate-aargau.ch\/akv\/wp-json\/wp\/v2\/media?parent=1268"}],"wp:term":[{"taxonomy":"category","embeddable":true,"href":"http:\/\/karate-aargau.ch\/akv\/wp-json\/wp\/v2\/categories?post=1268"},{"taxonomy":"post_tag","embeddable":true,"href":"http:\/\/karate-aargau.ch\/akv\/wp-json\/wp\/v2\/tags?post=1268"}],"curies":[{"name":"wp","href":"https:\/\/api.w.org\/{rel}","templated":true}]}}