{"id":1162,"date":"2020-02-09T12:43:53","date_gmt":"2020-02-09T11:43:53","guid":{"rendered":"http:\/\/www.karate-aargau.ch\/akv\/?p=1162"},"modified":"2022-07-09T05:20:08","modified_gmt":"2022-07-09T03:20:08","slug":"erfolge-beim-6-stars-cup-2020","status":"publish","type":"post","link":"http:\/\/karate-aargau.ch\/akv\/uncategorized\/erfolge-beim-6-stars-cup-2020\/","title":{"rendered":"Erfolge beim 6-Stars Cup 2020"},"content":{"rendered":"<p><span lang=\"DE-CH\"><span style=\"color: #000000; font-family: Calibri;\"><a href=\"http:\/\/karate-aargau.ch\/wp-content\/uploads\/image001.png\"><img loading=\"lazy\" decoding=\"async\" class=\"alignleft size-full wp-image-1164\" src=\"http:\/\/karate-aargau.ch\/wp-content\/uploads\/image001.png\" alt=\"\" width=\"200\" height=\"170\" \/><\/a>Der 6-Stars Cup 2020 fand am 2. Februar in Magden statt. Am 6-Starts Cup k\u00f6nnen sich auch die j\u00fcngsten Karatekas von Rheinfelden, Laufenburg, Frick und Magden an einem regionalen Wettkampturnier messen. Insgesamt waren 242 Stars zu verzeichnen. <\/span><\/span><\/p>\n<p><span lang=\"DE-CH\"><span style=\"color: #000000; font-family: Calibri;\">Unter der Leitung von Adrian Sensei nahm der Karateclub Laufenburg mit zehn Sportlern teil und r\u00e4umte dabei vier Gold-, zwei Silber- und vier Bronzepokale in den Disziplinen Kata und Kumite. <\/span><\/span><\/p>\n<p><span lang=\"DE-CH\"><span style=\"color: #000000; font-family: Calibri;\">Der international erfolgreiche Laufenburger Karateka Eric Timmer \u00fcberzeugte und konnte Gold im Einzel-Kata und im Einzel-Kumite entgegennehmen. Den dritten Goldplatz erreichte er gemeinsam mit Adrian Wilhelm und Fiona Wilhelm im Team-Kata. <\/span><\/span><\/p>\n<p><span lang=\"DE-CH\"><span style=\"color: #000000; font-family: Calibri;\">Fiona Wilhelm erzielte m Kumite zudem den zweiten Platz und Adrian Wilhelm den dritten Podestplatz. Sehr gute Ergebnisse zeigten auch die Nachwuchssportler: Kira Br\u00fctsch erreichte im Kata Rang 1 und sorgte somit f\u00fcr den vierten Goldpokal. Adem Adzijaj erk\u00e4mpte sich den zweiten Rang im Kumite und den dritten im Kata. Selim Kozorac zeigte ebenfalls eine sehr gute Kata und wurde mit dem dritten rang belohnt. Den zehnten Pokal holte sich Edward Phetsakun mit dem dritten Rang im Kata. <\/span><\/span><\/p>\n<p>&nbsp;<\/p>\n","protected":false},"excerpt":{"rendered":"<p>Der 6-Stars Cup 2020 fand am 2. Februar in Magden statt. Am 6-Starts Cup k\u00f6nnen sich auch die j\u00fcngsten Karatekas<\/p>\n","protected":false},"author":1,"featured_media":1164,"comment_status":"closed","ping_status":"closed","sticky":false,"template":"","format":"standard","meta":{"colormag_page_container_layout":"no_sidebar_full_width","colormag_page_sidebar_layout":"no_sidebar","_lmt_disableupdate":"no","_lmt_disable":"","footnotes":""},"categories":[1],"tags":[],"class_list":["post-1162","post","type-post","status-publish","format-standard","has-post-thumbnail","hentry","category-uncategorized"],"modified_by":"karat3","_links":{"self":[{"href":"http:\/\/karate-aargau.ch\/akv\/wp-json\/wp\/v2\/posts\/1162","targetHints":{"allow":["GET"]}}],"collection":[{"href":"http:\/\/karate-aargau.ch\/akv\/wp-json\/wp\/v2\/posts"}],"about":[{"href":"http:\/\/karate-aargau.ch\/akv\/wp-json\/wp\/v2\/types\/post"}],"author":[{"embeddable":true,"href":"http:\/\/karate-aargau.ch\/akv\/wp-json\/wp\/v2\/users\/1"}],"replies":[{"embeddable":true,"href":"http:\/\/karate-aargau.ch\/akv\/wp-json\/wp\/v2\/comments?post=1162"}],"version-history":[{"count":3,"href":"http:\/\/karate-aargau.ch\/akv\/wp-json\/wp\/v2\/posts\/1162\/revisions"}],"predecessor-version":[{"id":1166,"href":"http:\/\/karate-aargau.ch\/akv\/wp-json\/wp\/v2\/posts\/1162\/revisions\/1166"}],"wp:featuredmedia":[{"embeddable":true,"href":"http:\/\/karate-aargau.ch\/akv\/wp-json\/wp\/v2\/media\/1164"}],"wp:attachment":[{"href":"http:\/\/karate-aargau.ch\/akv\/wp-json\/wp\/v2\/media?parent=1162"}],"wp:term":[{"taxonomy":"category","embeddable":true,"href":"http:\/\/karate-aargau.ch\/akv\/wp-json\/wp\/v2\/categories?post=1162"},{"taxonomy":"post_tag","embeddable":true,"href":"http:\/\/karate-aargau.ch\/akv\/wp-json\/wp\/v2\/tags?post=1162"}],"curies":[{"name":"wp","href":"https:\/\/api.w.org\/{rel}","templated":true}]}}