{"id":1109,"date":"2019-10-27T02:10:18","date_gmt":"2019-10-27T01:10:18","guid":{"rendered":"http:\/\/www.karate-aargau.ch\/akv\/?p=1109"},"modified":"2022-07-09T05:22:47","modified_gmt":"2022-07-09T03:22:47","slug":"17-aargauermeisterschaft-2019","status":"publish","type":"post","link":"http:\/\/karate-aargau.ch\/akv\/turnier\/17-aargauermeisterschaft-2019\/","title":{"rendered":"17. Aargauermeisterschaft (2019)"},"content":{"rendered":"<p><a href=\"http:\/\/karate-aargau.ch\/wp-content\/uploads\/0001_start.jpeg\"><img loading=\"lazy\" decoding=\"async\" class=\"alignleft size-medium wp-image-1087\" src=\"http:\/\/karate-aargau.ch\/wp-content\/uploads\/0001_start-300x225.jpeg\" alt=\"0001_start\" width=\"300\" height=\"225\" srcset=\"http:\/\/karate-aargau.ch\/wp-content\/uploads\/0001_start-300x225.jpeg 300w, http:\/\/karate-aargau.ch\/wp-content\/uploads\/0001_start.jpeg 960w\" sizes=\"auto, (max-width: 300px) 100vw, 300px\" \/><\/a>Wir haben dieses Jahr eine unvergessliche Meisterschaft durchgef\u00fchrt.<\/p>\n<p>Mit insgesamt 309 Nennungen konnten wir den Rekord vom letzten Jahr brechen. Seit unserer Gr\u00fcndung im Jahre 2001 war die Anzahl der Nennungen noch nie so hoch!<\/p>\n<p>Wir freuen uns auf die n\u00e4chste Aargauermeisterschaft und danken dem Swisslos-Sportfonds Aargau f\u00fcr die Unterst\u00fctzung.<\/p>\n<p><a href=\"http:\/\/karate-aargau.ch\/wp-content\/uploads\/Ergebnisliste_AM2019.pdf\">Ergebnisliste_AM2019<\/a><\/p>\n<p>&nbsp;<\/p>\n<p>&nbsp;<\/p>\n<p>Impressionen:<\/p>\n\n\t\t<div id='gallery-1' class='gallery galleryid-1109 gallery-columns-3 gallery-size-thumbnail gallery1'><script type=\"text\/javascript\">\r\n\/\/ <![CDATA[\r\n\tjQuery(document).ready(function () {\r\n\t\tjQuery(\".gallery1 a\").attr(\"rel\",\"gallery1\");\t\r\n\t\tjQuery('a[rel=\"gallery1\"]').colorbox({maxWidth:\"95%\", maxHeight:\"95%\",title: function(){ return jQuery(this).children().attr(\"alt\"); }, });\r\n\t});\r\n\/\/ ]]>\r\n<\/script>\n<figure class=\"gallery-item\">\n<div class=\"gallery-icon\">\r\n<a href=\"http:\/\/karate-aargau.ch\/wp-content\/uploads\/WhatsApp-Image-2019-10-27-at-00.34.04.jpeg\" title=\"\" rel=\"gallery1\"><img loading=\"lazy\" decoding=\"async\" src=\"http:\/\/karate-aargau.ch\/wp-content\/uploads\/WhatsApp-Image-2019-10-27-at-00.34.04-150x150.jpeg\" width=\"150\" height=\"150\" alt=\"\" \/><\/a>\r\n<\/div><\/figure><figure class=\"gallery-item\">\n<div class=\"gallery-icon\">\r\n<a href=\"http:\/\/karate-aargau.ch\/wp-content\/uploads\/WhatsApp-Image-2019-10-27-at-00.34.04-2.jpeg\" title=\"\" rel=\"gallery1\"><img loading=\"lazy\" decoding=\"async\" src=\"http:\/\/karate-aargau.ch\/wp-content\/uploads\/WhatsApp-Image-2019-10-27-at-00.34.04-2-150x150.jpeg\" width=\"150\" height=\"150\" alt=\"\" \/><\/a>\r\n<\/div><\/figure><figure class=\"gallery-item\">\n<div class=\"gallery-icon\">\r\n<a href=\"http:\/\/karate-aargau.ch\/wp-content\/uploads\/WhatsApp-Image-2019-10-27-at-00.34.04-1.jpeg\" title=\"\" rel=\"gallery1\"><img loading=\"lazy\" decoding=\"async\" src=\"http:\/\/karate-aargau.ch\/wp-content\/uploads\/WhatsApp-Image-2019-10-27-at-00.34.04-1-150x150.jpeg\" width=\"150\" height=\"150\" alt=\"\" \/><\/a>\r\n<\/div><\/figure><figure class=\"gallery-item\">\n<div class=\"gallery-icon\">\r\n<a href=\"http:\/\/karate-aargau.ch\/wp-content\/uploads\/WhatsApp-Image-2019-10-27-at-00.34.03.jpeg\" title=\"\" rel=\"gallery1\"><img loading=\"lazy\" decoding=\"async\" src=\"http:\/\/karate-aargau.ch\/wp-content\/uploads\/WhatsApp-Image-2019-10-27-at-00.34.03-150x150.jpeg\" width=\"150\" height=\"150\" alt=\"\" \/><\/a>\r\n<\/div><\/figure><figure class=\"gallery-item\">\n<div class=\"gallery-icon\">\r\n<a href=\"http:\/\/karate-aargau.ch\/wp-content\/uploads\/WhatsApp-Image-2019-10-27-at-00.34.03-2.jpeg\" title=\"\" rel=\"gallery1\"><img loading=\"lazy\" decoding=\"async\" src=\"http:\/\/karate-aargau.ch\/wp-content\/uploads\/WhatsApp-Image-2019-10-27-at-00.34.03-2-150x150.jpeg\" width=\"150\" height=\"150\" alt=\"\" \/><\/a>\r\n<\/div><\/figure><figure class=\"gallery-item\">\n<div class=\"gallery-icon\">\r\n<a href=\"http:\/\/karate-aargau.ch\/wp-content\/uploads\/WhatsApp-Image-2019-10-27-at-00.34.03-1.jpeg\" title=\"\" rel=\"gallery1\"><img loading=\"lazy\" decoding=\"async\" src=\"http:\/\/karate-aargau.ch\/wp-content\/uploads\/WhatsApp-Image-2019-10-27-at-00.34.03-1-150x150.jpeg\" width=\"150\" height=\"150\" alt=\"\" \/><\/a>\r\n<\/div><\/figure><figure class=\"gallery-item\">\n<div class=\"gallery-icon\">\r\n<a href=\"http:\/\/karate-aargau.ch\/wp-content\/uploads\/WhatsApp-Image-2019-10-27-at-00.34.02.jpeg\" title=\"\" rel=\"gallery1\"><img loading=\"lazy\" decoding=\"async\" src=\"http:\/\/karate-aargau.ch\/wp-content\/uploads\/WhatsApp-Image-2019-10-27-at-00.34.02-150x150.jpeg\" width=\"150\" height=\"150\" alt=\"\" \/><\/a>\r\n<\/div><\/figure><figure class=\"gallery-item\">\n<div class=\"gallery-icon\">\r\n<a href=\"http:\/\/karate-aargau.ch\/wp-content\/uploads\/WhatsApp-Image-2019-10-27-at-00.34.02-2.jpeg\" title=\"\" rel=\"gallery1\"><img loading=\"lazy\" decoding=\"async\" src=\"http:\/\/karate-aargau.ch\/wp-content\/uploads\/WhatsApp-Image-2019-10-27-at-00.34.02-2-150x150.jpeg\" width=\"150\" height=\"150\" alt=\"\" \/><\/a>\r\n<\/div><\/figure><figure class=\"gallery-item\">\n<div class=\"gallery-icon\">\r\n<a href=\"http:\/\/karate-aargau.ch\/wp-content\/uploads\/WhatsApp-Image-2019-10-27-at-00.34.02-1.jpeg\" title=\"\" rel=\"gallery1\"><img loading=\"lazy\" decoding=\"async\" src=\"http:\/\/karate-aargau.ch\/wp-content\/uploads\/WhatsApp-Image-2019-10-27-at-00.34.02-1-150x150.jpeg\" width=\"150\" height=\"150\" alt=\"\" \/><\/a>\r\n<\/div><\/figure><figure class=\"gallery-item\">\n<div class=\"gallery-icon\">\r\n<a href=\"http:\/\/karate-aargau.ch\/wp-content\/uploads\/WhatsApp-Image-2019-10-27-at-00.34.01-2.jpeg\" title=\"\" rel=\"gallery1\"><img loading=\"lazy\" decoding=\"async\" src=\"http:\/\/karate-aargau.ch\/wp-content\/uploads\/WhatsApp-Image-2019-10-27-at-00.34.01-2-150x150.jpeg\" width=\"150\" height=\"150\" alt=\"\" \/><\/a>\r\n<\/div><\/figure><figure class=\"gallery-item\">\n<div class=\"gallery-icon\">\r\n<a href=\"http:\/\/karate-aargau.ch\/wp-content\/uploads\/WhatsApp-Image-2019-10-27-at-00.34.01-1.jpeg\" title=\"\" rel=\"gallery1\"><img loading=\"lazy\" decoding=\"async\" src=\"http:\/\/karate-aargau.ch\/wp-content\/uploads\/WhatsApp-Image-2019-10-27-at-00.34.01-1-150x150.jpeg\" width=\"150\" height=\"150\" alt=\"\" \/><\/a>\r\n<\/div><\/figure><figure class=\"gallery-item\">\n<div class=\"gallery-icon\">\r\n<a href=\"http:\/\/karate-aargau.ch\/wp-content\/uploads\/WhatsApp-Image-2019-10-27-at-00.34.00.jpeg\" title=\"\" rel=\"gallery1\"><img loading=\"lazy\" decoding=\"async\" src=\"http:\/\/karate-aargau.ch\/wp-content\/uploads\/WhatsApp-Image-2019-10-27-at-00.34.00-150x150.jpeg\" width=\"150\" height=\"150\" alt=\"\" \/><\/a>\r\n<\/div><\/figure><figure class=\"gallery-item\">\n<div class=\"gallery-icon\">\r\n<a href=\"http:\/\/karate-aargau.ch\/wp-content\/uploads\/WhatsApp-Image-2019-10-27-at-00.34.00-1.jpeg\" title=\"\" rel=\"gallery1\"><img loading=\"lazy\" decoding=\"async\" src=\"http:\/\/karate-aargau.ch\/wp-content\/uploads\/WhatsApp-Image-2019-10-27-at-00.34.00-1-150x150.jpeg\" width=\"150\" height=\"150\" alt=\"\" \/><\/a>\r\n<\/div><\/figure><figure class=\"gallery-item\">\n<div class=\"gallery-icon\">\r\n<a href=\"http:\/\/karate-aargau.ch\/wp-content\/uploads\/WhatsApp-Image-2019-10-27-at-00.33.59.jpeg\" title=\"\" rel=\"gallery1\"><img loading=\"lazy\" decoding=\"async\" src=\"http:\/\/karate-aargau.ch\/wp-content\/uploads\/WhatsApp-Image-2019-10-27-at-00.33.59-150x150.jpeg\" width=\"150\" height=\"150\" alt=\"\" \/><\/a>\r\n<\/div><\/figure><figure class=\"gallery-item\">\n<div class=\"gallery-icon\">\r\n<a href=\"http:\/\/karate-aargau.ch\/wp-content\/uploads\/WhatsApp-Image-2019-10-27-at-00.33.59-1.jpeg\" title=\"\" rel=\"gallery1\"><img loading=\"lazy\" decoding=\"async\" src=\"http:\/\/karate-aargau.ch\/wp-content\/uploads\/WhatsApp-Image-2019-10-27-at-00.33.59-1-150x150.jpeg\" width=\"150\" height=\"150\" alt=\"\" \/><\/a>\r\n<\/div><\/figure><figure class=\"gallery-item\">\n<div class=\"gallery-icon\">\r\n<a href=\"http:\/\/karate-aargau.ch\/wp-content\/uploads\/WhatsApp-Image-2019-10-27-at-00.33.58.jpeg\" title=\"\" rel=\"gallery1\"><img loading=\"lazy\" decoding=\"async\" src=\"http:\/\/karate-aargau.ch\/wp-content\/uploads\/WhatsApp-Image-2019-10-27-at-00.33.58-150x150.jpeg\" width=\"150\" height=\"150\" alt=\"\" \/><\/a>\r\n<\/div><\/figure><figure class=\"gallery-item\">\n<div class=\"gallery-icon\">\r\n<a href=\"http:\/\/karate-aargau.ch\/wp-content\/uploads\/WhatsApp-Image-2019-10-27-at-00.33.58-1.jpeg\" title=\"\" rel=\"gallery1\"><img loading=\"lazy\" decoding=\"async\" src=\"http:\/\/karate-aargau.ch\/wp-content\/uploads\/WhatsApp-Image-2019-10-27-at-00.33.58-1-150x150.jpeg\" width=\"150\" height=\"150\" alt=\"\" \/><\/a>\r\n<\/div><\/figure><figure class=\"gallery-item\">\n<div class=\"gallery-icon\">\r\n<a href=\"http:\/\/karate-aargau.ch\/wp-content\/uploads\/WhatsApp-Image-2019-10-27-at-00.33.57.jpeg\" title=\"\" rel=\"gallery1\"><img loading=\"lazy\" decoding=\"async\" src=\"http:\/\/karate-aargau.ch\/wp-content\/uploads\/WhatsApp-Image-2019-10-27-at-00.33.57-150x150.jpeg\" width=\"150\" height=\"150\" alt=\"\" \/><\/a>\r\n<\/div><\/figure><figure class=\"gallery-item\">\n<div class=\"gallery-icon\">\r\n<a href=\"http:\/\/karate-aargau.ch\/wp-content\/uploads\/WhatsApp-Image-2019-10-27-at-00.33.57-1.jpeg\" title=\"\" rel=\"gallery1\"><img loading=\"lazy\" decoding=\"async\" src=\"http:\/\/karate-aargau.ch\/wp-content\/uploads\/WhatsApp-Image-2019-10-27-at-00.33.57-1-150x150.jpeg\" width=\"150\" height=\"150\" alt=\"\" \/><\/a>\r\n<\/div><\/figure><figure class=\"gallery-item\">\n<div class=\"gallery-icon\">\r\n<a href=\"http:\/\/karate-aargau.ch\/wp-content\/uploads\/WhatsApp-Image-2019-10-27-at-00.33.56.jpeg\" title=\"\" rel=\"gallery1\"><img loading=\"lazy\" decoding=\"async\" src=\"http:\/\/karate-aargau.ch\/wp-content\/uploads\/WhatsApp-Image-2019-10-27-at-00.33.56-150x150.jpeg\" width=\"150\" height=\"150\" alt=\"\" \/><\/a>\r\n<\/div><\/figure><figure class=\"gallery-item\">\n<div class=\"gallery-icon\">\r\n<a href=\"http:\/\/karate-aargau.ch\/wp-content\/uploads\/0001_start.jpeg\" title=\"\" rel=\"gallery1\"><img loading=\"lazy\" decoding=\"async\" src=\"http:\/\/karate-aargau.ch\/wp-content\/uploads\/0001_start-150x150.jpeg\" width=\"150\" height=\"150\" alt=\"\" \/><\/a>\r\n<\/div><\/figure>\r\n\t\t<\/div>\n\n","protected":false},"excerpt":{"rendered":"<p>Wir haben dieses Jahr eine unvergessliche Meisterschaft durchgef\u00fchrt. Mit insgesamt 309 Nennungen konnten wir den Rekord vom letzten Jahr brechen.<\/p>\n","protected":false},"author":1,"featured_media":1087,"comment_status":"closed","ping_status":"closed","sticky":false,"template":"","format":"standard","meta":{"colormag_page_container_layout":"no_sidebar_full_width","colormag_page_sidebar_layout":"no_sidebar","_lmt_disableupdate":"no","_lmt_disable":"","footnotes":""},"categories":[4],"tags":[],"class_list":["post-1109","post","type-post","status-publish","format-standard","has-post-thumbnail","hentry","category-turnier"],"modified_by":"karat3","_links":{"self":[{"href":"http:\/\/karate-aargau.ch\/akv\/wp-json\/wp\/v2\/posts\/1109","targetHints":{"allow":["GET"]}}],"collection":[{"href":"http:\/\/karate-aargau.ch\/akv\/wp-json\/wp\/v2\/posts"}],"about":[{"href":"http:\/\/karate-aargau.ch\/akv\/wp-json\/wp\/v2\/types\/post"}],"author":[{"embeddable":true,"href":"http:\/\/karate-aargau.ch\/akv\/wp-json\/wp\/v2\/users\/1"}],"replies":[{"embeddable":true,"href":"http:\/\/karate-aargau.ch\/akv\/wp-json\/wp\/v2\/comments?post=1109"}],"version-history":[{"count":4,"href":"http:\/\/karate-aargau.ch\/akv\/wp-json\/wp\/v2\/posts\/1109\/revisions"}],"predecessor-version":[{"id":1113,"href":"http:\/\/karate-aargau.ch\/akv\/wp-json\/wp\/v2\/posts\/1109\/revisions\/1113"}],"wp:featuredmedia":[{"embeddable":true,"href":"http:\/\/karate-aargau.ch\/akv\/wp-json\/wp\/v2\/media\/1087"}],"wp:attachment":[{"href":"http:\/\/karate-aargau.ch\/akv\/wp-json\/wp\/v2\/media?parent=1109"}],"wp:term":[{"taxonomy":"category","embeddable":true,"href":"http:\/\/karate-aargau.ch\/akv\/wp-json\/wp\/v2\/categories?post=1109"},{"taxonomy":"post_tag","embeddable":true,"href":"http:\/\/karate-aargau.ch\/akv\/wp-json\/wp\/v2\/tags?post=1109"}],"curies":[{"name":"wp","href":"https:\/\/api.w.org\/{rel}","templated":true}]}}