{"id":1071,"date":"2019-08-19T04:33:44","date_gmt":"2019-08-19T02:33:44","guid":{"rendered":"http:\/\/www.karate-aargau.ch\/akv\/?p=1071"},"modified":"2022-07-09T05:23:34","modified_gmt":"2022-07-09T03:23:34","slug":"international-basel-open-masters-2019","status":"publish","type":"post","link":"http:\/\/karate-aargau.ch\/akv\/uncategorized\/international-basel-open-masters-2019\/","title":{"rendered":"International Basel Open Masters 2019"},"content":{"rendered":"<p>Am 31. August\/ 1. September 2019 findet die internationale Meisterschaft 10. Basel Open Masters statt.<\/p>\n<p>Das Basel Open Masters steht seit Jahren f\u00fcr attraktive Wettk\u00e4mpfe mit internationalen Top-Athleten. Auch dieses Jahr wartet auf die Gewinner nicht nur Troph\u00e4en und Titel, sondern in der entscheidenden Kumite Masters-Kategorie auch ein Preisgeld f\u00fcr die Besten der Besten.<\/p>\n<p>Wir w\u00fcnschen allen teilnehmenden AKV-Athleten ein erfolgreiches Turnier!<\/p>\n<p><a href=\"http:\/\/karate-aargau.ch\/wp-content\/uploads\/Home-Bild.jpg\"><img loading=\"lazy\" decoding=\"async\" class=\"aligncenter size-large wp-image-1070\" src=\"http:\/\/karate-aargau.ch\/wp-content\/uploads\/Home-Bild-1024x576.jpg\" alt=\"Home Bild\" width=\"1024\" height=\"576\" srcset=\"http:\/\/karate-aargau.ch\/wp-content\/uploads\/Home-Bild-1024x576.jpg 1024w, http:\/\/karate-aargau.ch\/wp-content\/uploads\/Home-Bild-300x169.jpg 300w, http:\/\/karate-aargau.ch\/wp-content\/uploads\/Home-Bild.jpg 1901w\" sizes=\"auto, (max-width: 1024px) 100vw, 1024px\" \/><\/a><\/p>\n<p>Bildquelle: <a href=\"http:\/\/baselopenmasters.ch\">baselopenmasters.ch<\/a><\/p>\n","protected":false},"excerpt":{"rendered":"<p>Am 31. August\/ 1. September 2019 findet die internationale Meisterschaft 10. Basel Open Masters statt. Das Basel Open Masters steht<\/p>\n","protected":false},"author":1,"featured_media":1070,"comment_status":"closed","ping_status":"closed","sticky":false,"template":"","format":"standard","meta":{"colormag_page_container_layout":"no_sidebar_full_width","colormag_page_sidebar_layout":"no_sidebar","_lmt_disableupdate":"no","_lmt_disable":"","footnotes":""},"categories":[1],"tags":[],"class_list":["post-1071","post","type-post","status-publish","format-standard","has-post-thumbnail","hentry","category-uncategorized"],"modified_by":"karat3","_links":{"self":[{"href":"http:\/\/karate-aargau.ch\/akv\/wp-json\/wp\/v2\/posts\/1071","targetHints":{"allow":["GET"]}}],"collection":[{"href":"http:\/\/karate-aargau.ch\/akv\/wp-json\/wp\/v2\/posts"}],"about":[{"href":"http:\/\/karate-aargau.ch\/akv\/wp-json\/wp\/v2\/types\/post"}],"author":[{"embeddable":true,"href":"http:\/\/karate-aargau.ch\/akv\/wp-json\/wp\/v2\/users\/1"}],"replies":[{"embeddable":true,"href":"http:\/\/karate-aargau.ch\/akv\/wp-json\/wp\/v2\/comments?post=1071"}],"version-history":[{"count":2,"href":"http:\/\/karate-aargau.ch\/akv\/wp-json\/wp\/v2\/posts\/1071\/revisions"}],"predecessor-version":[{"id":1500,"href":"http:\/\/karate-aargau.ch\/akv\/wp-json\/wp\/v2\/posts\/1071\/revisions\/1500"}],"wp:featuredmedia":[{"embeddable":true,"href":"http:\/\/karate-aargau.ch\/akv\/wp-json\/wp\/v2\/media\/1070"}],"wp:attachment":[{"href":"http:\/\/karate-aargau.ch\/akv\/wp-json\/wp\/v2\/media?parent=1071"}],"wp:term":[{"taxonomy":"category","embeddable":true,"href":"http:\/\/karate-aargau.ch\/akv\/wp-json\/wp\/v2\/categories?post=1071"},{"taxonomy":"post_tag","embeddable":true,"href":"http:\/\/karate-aargau.ch\/akv\/wp-json\/wp\/v2\/tags?post=1071"}],"curies":[{"name":"wp","href":"https:\/\/api.w.org\/{rel}","templated":true}]}}