{"id":102,"date":"2016-01-08T14:17:12","date_gmt":"2016-01-08T13:17:12","guid":{"rendered":"http:\/\/www.karate-aargau.ch\/akv\/?p=102"},"modified":"2016-01-08T14:01:39","modified_gmt":"2016-01-08T13:01:39","slug":"neue-website-akv","status":"publish","type":"post","link":"http:\/\/karate-aargau.ch\/akv\/uncategorized\/neue-website-akv\/","title":{"rendered":"Neue Website AKV"},"content":{"rendered":"<p><a href=\"http:\/\/karate-aargau.ch\/wp-content\/uploads\/2015\/09\/neue-Website.png\"><img loading=\"lazy\" decoding=\"async\" class=\"size-full wp-image-103 alignleft\" src=\"http:\/\/karate-aargau.ch\/wp-content\/uploads\/2015\/09\/neue-Website.png\" alt=\"neue Website\" width=\"200\" height=\"206\" \/><\/a>Just zum Start des neuen Jahres erh\u00e4lt der Aargauische Karateverband eine neue Website. \u00a0Wir werden Euch nun regelm\u00e4ssig mit aktuellen News rund um das Karate im Aargau versorgen und w\u00fcnschen Euch viel Vergn\u00fcgen mit dem neuen Design.<\/p>\n","protected":false},"excerpt":{"rendered":"<p>Just zum Start des neuen Jahres erh\u00e4lt der Aargauische Karateverband eine neue Website. \u00a0Wir werden Euch nun regelm\u00e4ssig mit aktuellen<\/p>\n","protected":false},"author":1,"featured_media":103,"comment_status":"open","ping_status":"open","sticky":false,"template":"","format":"standard","meta":{"colormag_page_container_layout":"default_layout","colormag_page_sidebar_layout":"default_layout","_lmt_disableupdate":"","_lmt_disable":"","footnotes":""},"categories":[1],"tags":[],"class_list":["post-102","post","type-post","status-publish","format-standard","has-post-thumbnail","hentry","category-uncategorized"],"modified_by":"karat3","_links":{"self":[{"href":"http:\/\/karate-aargau.ch\/akv\/wp-json\/wp\/v2\/posts\/102","targetHints":{"allow":["GET"]}}],"collection":[{"href":"http:\/\/karate-aargau.ch\/akv\/wp-json\/wp\/v2\/posts"}],"about":[{"href":"http:\/\/karate-aargau.ch\/akv\/wp-json\/wp\/v2\/types\/post"}],"author":[{"embeddable":true,"href":"http:\/\/karate-aargau.ch\/akv\/wp-json\/wp\/v2\/users\/1"}],"replies":[{"embeddable":true,"href":"http:\/\/karate-aargau.ch\/akv\/wp-json\/wp\/v2\/comments?post=102"}],"version-history":[{"count":5,"href":"http:\/\/karate-aargau.ch\/akv\/wp-json\/wp\/v2\/posts\/102\/revisions"}],"predecessor-version":[{"id":225,"href":"http:\/\/karate-aargau.ch\/akv\/wp-json\/wp\/v2\/posts\/102\/revisions\/225"}],"wp:featuredmedia":[{"embeddable":true,"href":"http:\/\/karate-aargau.ch\/akv\/wp-json\/wp\/v2\/media\/103"}],"wp:attachment":[{"href":"http:\/\/karate-aargau.ch\/akv\/wp-json\/wp\/v2\/media?parent=102"}],"wp:term":[{"taxonomy":"category","embeddable":true,"href":"http:\/\/karate-aargau.ch\/akv\/wp-json\/wp\/v2\/categories?post=102"},{"taxonomy":"post_tag","embeddable":true,"href":"http:\/\/karate-aargau.ch\/akv\/wp-json\/wp\/v2\/tags?post=102"}],"curies":[{"name":"wp","href":"https:\/\/api.w.org\/{rel}","templated":true}]}}